{"id":9550,"date":"2025-08-31T19:43:57","date_gmt":"2025-08-31T19:43:57","guid":{"rendered":"https:\/\/mfc08.de\/?p=9550"},"modified":"2025-08-31T19:44:00","modified_gmt":"2025-08-31T19:44:00","slug":"mfc-08-lindenhof-2-polizei-sv-mannheim-21-11","status":"publish","type":"post","link":"https:\/\/mfc08.de\/?p=9550","title":{"rendered":"MFC 08 Lindenhof 2 \u2013 Polizei SV Mannheim 2:1 (1:1)"},"content":{"rendered":"\n<p>Mit einem 2:1 (1:1) Sieg gegen den Polizei SV Mannheim feierte die zweite Mannschaft einen gelungenen Einstand in die neue Saison.<\/p>\n\n\n\n<p>In der Anfangsphase tat sich unsere Elf schwer, in die Partie zu finden und somit gingen die G\u00e4ste Mitte der ersten Halbzeit auch zu diesem Zeitpunkt verdient in F\u00fchrung. Erst danach kam unsere Zweite besser ins Spiel und nach einer Freisto\u00dfflanke von Christian Bindariu kam Vito Pasculli vor dem gegnerischen Torwart an den Ball und traf zum Ausgleich. In der Folge entwickelte sich eine ausgeglichene Partie, in der sich beide Mannschaften schwer taten sich richtige Torchancen zu erspielen. Mitte der zweiten Halbzeit war es dann unser Team, dass den entscheidenden Angriff startete. Zun\u00e4chst wurde Alessio Kargbo frei gespielt, doch er scheiterte noch am Torwart, aber den Abpraller nutzte erneut Vito Pasculli zum F\u00fchrungstreffer. In der Schlussphase versuchten die G\u00e4ste noch einmal den Druck zu erh\u00f6hen, doch die Defensive stand gut und lie\u00df weiterhin wenig zu und bei einer letzten guten Chance setzte ein St\u00fcrmer den Ball \u00fcber das Tor. Somit bleib es bis zum Schlusspfiff des sehr souver\u00e4n leitenden Schiedsrichters beim 2:1.<\/p>\n\n\n\n<p>N\u00e4chste Woche tritt die Mannschaft zum ersten Ausw\u00e4rtsspiel der Saison bei der DJK Feudenheim an, die zur neuen Saison aus der Kreisklasse A2 in unsere Klasse gewechselt ist&nbsp;&nbsp;<\/p>\n","protected":false},"excerpt":{"rendered":"<p>Mit einem 2:1 (1:1) Sieg gegen den Polizei SV Mannheim feierte die zweite Mannschaft einen gelungenen Einstand in die neue Saison. In der Anfangsphase tat sich unsere Elf schwer, in die Partie zu finden und somit gingen die G\u00e4ste Mitte der ersten Halbzeit auch zu diesem Zeitpunkt verdient in F\u00fchrung. Erst danach kam unsere Zweite&hellip;&nbsp;<a href=\"https:\/\/mfc08.de\/?p=9550\" rel=\"bookmark\">Weiterlesen &raquo;<span class=\"screen-reader-text\">MFC 08 Lindenhof 2 \u2013 Polizei SV Mannheim 2:1 (1:1)<\/span><\/a><\/p>\n","protected":false},"author":5,"featured_media":8771,"comment_status":"closed","ping_status":"closed","sticky":false,"template":"","format":"standard","meta":{"neve_meta_sidebar":"","neve_meta_container":"","neve_meta_enable_content_width":"","neve_meta_content_width":0,"neve_meta_title_alignment":"","neve_meta_author_avatar":"","neve_post_elements_order":"","neve_meta_disable_header":"","neve_meta_disable_footer":"","neve_meta_disable_title":"","_themeisle_gutenberg_block_has_review":false,"footnotes":""},"categories":[5],"tags":[],"class_list":["post-9550","post","type-post","status-publish","format-standard","has-post-thumbnail","hentry","category-2-mannschaft"],"_links":{"self":[{"href":"https:\/\/mfc08.de\/index.php?rest_route=\/wp\/v2\/posts\/9550","targetHints":{"allow":["GET"]}}],"collection":[{"href":"https:\/\/mfc08.de\/index.php?rest_route=\/wp\/v2\/posts"}],"about":[{"href":"https:\/\/mfc08.de\/index.php?rest_route=\/wp\/v2\/types\/post"}],"author":[{"embeddable":true,"href":"https:\/\/mfc08.de\/index.php?rest_route=\/wp\/v2\/users\/5"}],"replies":[{"embeddable":true,"href":"https:\/\/mfc08.de\/index.php?rest_route=%2Fwp%2Fv2%2Fcomments&post=9550"}],"version-history":[{"count":1,"href":"https:\/\/mfc08.de\/index.php?rest_route=\/wp\/v2\/posts\/9550\/revisions"}],"predecessor-version":[{"id":9551,"href":"https:\/\/mfc08.de\/index.php?rest_route=\/wp\/v2\/posts\/9550\/revisions\/9551"}],"wp:featuredmedia":[{"embeddable":true,"href":"https:\/\/mfc08.de\/index.php?rest_route=\/wp\/v2\/media\/8771"}],"wp:attachment":[{"href":"https:\/\/mfc08.de\/index.php?rest_route=%2Fwp%2Fv2%2Fmedia&parent=9550"}],"wp:term":[{"taxonomy":"category","embeddable":true,"href":"https:\/\/mfc08.de\/index.php?rest_route=%2Fwp%2Fv2%2Fcategories&post=9550"},{"taxonomy":"post_tag","embeddable":true,"href":"https:\/\/mfc08.de\/index.php?rest_route=%2Fwp%2Fv2%2Ftags&post=9550"}],"curies":[{"name":"wp","href":"https:\/\/api.w.org\/{rel}","templated":true}]}}