{"id":9552,"date":"2025-08-31T19:46:21","date_gmt":"2025-08-31T19:46:21","guid":{"rendered":"https:\/\/mfc08.de\/?p=9552"},"modified":"2025-08-31T19:46:23","modified_gmt":"2025-08-31T19:46:23","slug":"mfc-08-lindenhof-fortuna-heddesheim-2-22-12","status":"publish","type":"post","link":"https:\/\/mfc08.de\/?p=9552","title":{"rendered":"MFC 08 Lindenhof \u2013 Fortuna Heddesheim 2 2:2 (1:2)"},"content":{"rendered":"\n<p>Mit einem 2:2 (1:2) musste sich die erste Mannschaft im ersten Spiel der Saison gegen den Aufsteiger Fortuna Heddesheim 2 zufrieden geben<\/p>\n\n\n\n<p>Das Spiel begann eigentlich gut f\u00fcr unsere Elf, denn Yusuf Demirci gelang schon fr\u00fch nach einer flachen Hereingabe von Oliver Schlick die 1:0 F\u00fchrung. Aber die G\u00e4ste zeigten sich davon unbeeindruckt und kamen nach einer un\u00fcbersichtlichen Situation im Strafraum zum Ausgleich. In der Folge hatte unser Team mehr Ballbesitz, die G\u00e4ste standen meist tief, setzten aber immer wieder zu gef\u00e4hrlichen Kontern an. Die gr\u00f6\u00dfte Chance zur erneuten F\u00fchrung hatte erneut Yusuf Demirci, doch sein Freisto\u00df ging knapp \u00fcber das Tor. Dann war es wieder einmal ein Standard aus dem ein Gegentor fiel. Eine Ecke konnte nicht richtig gekl\u00e4rt werden und so traf im Endeffekt ein Heddesheimer St\u00fcrmer zum 1:2 ins Netz. Kurz vor der Pause musste dann Lucas Neuhof im Tor gegen einen frei auf ihn zulaufenden St\u00fcrmer sogar einen noch h\u00f6heren R\u00fcckstand verhindern. Wenig kam dann Mustafa Doelek auf Zuspiel von Moritz Miller in aussichtsreicher Position zum Abschluss, aber er verzog doch recht deutlich. Somit ging es mit einem R\u00fcckstand in die Pause. Auch der Start in die zweite Halbzeit gelang. Einen Freisto\u00df legte Domenico Mangione quer auf Yusuf Demirci und der traf zum Ausgleich ins Netz. In der Folge hatte unser Team weiter deutlich mehr Ballbesitz und kam auch zu einigen gef\u00e4hrlichen Abschl\u00fcssen, aber Tim Glette verfehlte zweimal knapp das Tor, ein Schuss von Domenico Mangione aus spitzem Winkel streifte knapp am langen Pfosten vorbei und Oliver Schlick scheiterte am gut reagierenden Torwart. Auf der anderen Seite lauerten die G\u00e4ste weiterhin sehr tief stehend auf Konter \u00fcber lange B\u00e4lle, doch die Defensive hatte dies gut weitgehend im Griff. Auch einige Standards in der Schlussphase brachten keinen Erfolg mehr und somit trennte man sich im Endeffekt 2:2 Unentschieden<\/p>\n\n\n\n<p>Im ersten Ausw\u00e4rtsspiel der Saison tritt das Team am n\u00e4chsten Sonntag bei der Spvgg Wallstadt an&nbsp;<\/p>\n","protected":false},"excerpt":{"rendered":"<p>Mit einem 2:2 (1:2) musste sich die erste Mannschaft im ersten Spiel der Saison gegen den Aufsteiger Fortuna Heddesheim 2 zufrieden geben Das Spiel begann eigentlich gut f\u00fcr unsere Elf, denn Yusuf Demirci gelang schon fr\u00fch nach einer flachen Hereingabe von Oliver Schlick die 1:0 F\u00fchrung. Aber die G\u00e4ste zeigten sich davon unbeeindruckt und kamen&hellip;&nbsp;<a href=\"https:\/\/mfc08.de\/?p=9552\" rel=\"bookmark\">Weiterlesen &raquo;<span class=\"screen-reader-text\">MFC 08 Lindenhof \u2013 Fortuna Heddesheim 2 2:2 (1:2)<\/span><\/a><\/p>\n","protected":false},"author":5,"featured_media":8791,"comment_status":"closed","ping_status":"closed","sticky":false,"template":"","format":"standard","meta":{"neve_meta_sidebar":"","neve_meta_container":"","neve_meta_enable_content_width":"","neve_meta_content_width":0,"neve_meta_title_alignment":"","neve_meta_author_avatar":"","neve_post_elements_order":"","neve_meta_disable_header":"","neve_meta_disable_footer":"","neve_meta_disable_title":"","_themeisle_gutenberg_block_has_review":false,"footnotes":""},"categories":[3],"tags":[],"class_list":["post-9552","post","type-post","status-publish","format-standard","has-post-thumbnail","hentry","category-1-mannschaft"],"_links":{"self":[{"href":"https:\/\/mfc08.de\/index.php?rest_route=\/wp\/v2\/posts\/9552","targetHints":{"allow":["GET"]}}],"collection":[{"href":"https:\/\/mfc08.de\/index.php?rest_route=\/wp\/v2\/posts"}],"about":[{"href":"https:\/\/mfc08.de\/index.php?rest_route=\/wp\/v2\/types\/post"}],"author":[{"embeddable":true,"href":"https:\/\/mfc08.de\/index.php?rest_route=\/wp\/v2\/users\/5"}],"replies":[{"embeddable":true,"href":"https:\/\/mfc08.de\/index.php?rest_route=%2Fwp%2Fv2%2Fcomments&post=9552"}],"version-history":[{"count":1,"href":"https:\/\/mfc08.de\/index.php?rest_route=\/wp\/v2\/posts\/9552\/revisions"}],"predecessor-version":[{"id":9553,"href":"https:\/\/mfc08.de\/index.php?rest_route=\/wp\/v2\/posts\/9552\/revisions\/9553"}],"wp:featuredmedia":[{"embeddable":true,"href":"https:\/\/mfc08.de\/index.php?rest_route=\/wp\/v2\/media\/8791"}],"wp:attachment":[{"href":"https:\/\/mfc08.de\/index.php?rest_route=%2Fwp%2Fv2%2Fmedia&parent=9552"}],"wp:term":[{"taxonomy":"category","embeddable":true,"href":"https:\/\/mfc08.de\/index.php?rest_route=%2Fwp%2Fv2%2Fcategories&post=9552"},{"taxonomy":"post_tag","embeddable":true,"href":"https:\/\/mfc08.de\/index.php?rest_route=%2Fwp%2Fv2%2Ftags&post=9552"}],"curies":[{"name":"wp","href":"https:\/\/api.w.org\/{rel}","templated":true}]}}