{"id":9599,"date":"2025-09-07T19:46:04","date_gmt":"2025-09-07T19:46:04","guid":{"rendered":"https:\/\/mfc08.de\/?p=9599"},"modified":"2025-09-07T19:46:06","modified_gmt":"2025-09-07T19:46:06","slug":"djk-feudenheim-mfc-08-lindenhof-2-43-20","status":"publish","type":"post","link":"https:\/\/mfc08.de\/?p=9599","title":{"rendered":"DJK Feudenheim &#8211; MFC 08 Lindenhof 2 4:3 (2:0)"},"content":{"rendered":"\n<p>Eine knappe 3:4 (0:2) Niederlage musste die zweite Mannschaft bei der DJK Feudenheim hinnehmen<\/p>\n\n\n\n<p>Unser Team geriet in der ersten Halbzeit durch einen Elfmeter in R\u00fcckstand und kurz vor der Pause erh\u00f6hten die Gastgeber sogar auf 2:0. Direkt nach der Halbzeit verk\u00fcrzte Vito Pasculli auf 1:2, aber Feudenheim stellte schnell mit dem Treffer zum 3:1 den alten Abstand wieder her. Yannik Sch\u00fcrch verk\u00fcrzte noch einmal auf 2:3, doch in der Schlussphase erh\u00f6hte Feudenheim wieder auf 4:2. Der erneute Anschlusstreffer von Vito Pasculli zum 3:4 kam zu sp\u00e4t, so dass es bei der knappen Niederlage blieb<\/p>\n\n\n\n<p>Am n\u00e4chsten Sonntag empf\u00e4ngt de Elf den SC 08 Reilingen zum n\u00e4chsten Heimspiel&nbsp;&nbsp;<\/p>\n","protected":false},"excerpt":{"rendered":"<p>Eine knappe 3:4 (0:2) Niederlage musste die zweite Mannschaft bei der DJK Feudenheim hinnehmen Unser Team geriet in der ersten Halbzeit durch einen Elfmeter in R\u00fcckstand und kurz vor der Pause erh\u00f6hten die Gastgeber sogar auf 2:0. Direkt nach der Halbzeit verk\u00fcrzte Vito Pasculli auf 1:2, aber Feudenheim stellte schnell mit dem Treffer zum 3:1&hellip;&nbsp;<a href=\"https:\/\/mfc08.de\/?p=9599\" rel=\"bookmark\">Weiterlesen &raquo;<span class=\"screen-reader-text\">DJK Feudenheim &#8211; MFC 08 Lindenhof 2 4:3 (2:0)<\/span><\/a><\/p>\n","protected":false},"author":5,"featured_media":8771,"comment_status":"closed","ping_status":"closed","sticky":false,"template":"","format":"standard","meta":{"neve_meta_sidebar":"","neve_meta_container":"","neve_meta_enable_content_width":"","neve_meta_content_width":0,"neve_meta_title_alignment":"","neve_meta_author_avatar":"","neve_post_elements_order":"","neve_meta_disable_header":"","neve_meta_disable_footer":"","neve_meta_disable_title":"","_themeisle_gutenberg_block_has_review":false,"footnotes":""},"categories":[5],"tags":[],"class_list":["post-9599","post","type-post","status-publish","format-standard","has-post-thumbnail","hentry","category-2-mannschaft"],"_links":{"self":[{"href":"https:\/\/mfc08.de\/index.php?rest_route=\/wp\/v2\/posts\/9599","targetHints":{"allow":["GET"]}}],"collection":[{"href":"https:\/\/mfc08.de\/index.php?rest_route=\/wp\/v2\/posts"}],"about":[{"href":"https:\/\/mfc08.de\/index.php?rest_route=\/wp\/v2\/types\/post"}],"author":[{"embeddable":true,"href":"https:\/\/mfc08.de\/index.php?rest_route=\/wp\/v2\/users\/5"}],"replies":[{"embeddable":true,"href":"https:\/\/mfc08.de\/index.php?rest_route=%2Fwp%2Fv2%2Fcomments&post=9599"}],"version-history":[{"count":1,"href":"https:\/\/mfc08.de\/index.php?rest_route=\/wp\/v2\/posts\/9599\/revisions"}],"predecessor-version":[{"id":9600,"href":"https:\/\/mfc08.de\/index.php?rest_route=\/wp\/v2\/posts\/9599\/revisions\/9600"}],"wp:featuredmedia":[{"embeddable":true,"href":"https:\/\/mfc08.de\/index.php?rest_route=\/wp\/v2\/media\/8771"}],"wp:attachment":[{"href":"https:\/\/mfc08.de\/index.php?rest_route=%2Fwp%2Fv2%2Fmedia&parent=9599"}],"wp:term":[{"taxonomy":"category","embeddable":true,"href":"https:\/\/mfc08.de\/index.php?rest_route=%2Fwp%2Fv2%2Fcategories&post=9599"},{"taxonomy":"post_tag","embeddable":true,"href":"https:\/\/mfc08.de\/index.php?rest_route=%2Fwp%2Fv2%2Ftags&post=9599"}],"curies":[{"name":"wp","href":"https:\/\/api.w.org\/{rel}","templated":true}]}}