{"id":9601,"date":"2025-09-07T19:49:02","date_gmt":"2025-09-07T19:49:02","guid":{"rendered":"https:\/\/mfc08.de\/?p=9601"},"modified":"2025-09-07T19:49:03","modified_gmt":"2025-09-07T19:49:03","slug":"spvgg-wallstadt-mfc-08-lindenhof-21-00","status":"publish","type":"post","link":"https:\/\/mfc08.de\/?p=9601","title":{"rendered":"Spvgg Wallstadt &#8211; MFC 08 Lindenhof 2:1 (0:0)"},"content":{"rendered":"\n<p>Mit einer v\u00f6llig unn\u00f6tigen 1:2 (0:0) Niederlage endete das erste Ausw\u00e4rtsspiel der Saison f\u00fcr die erste Mannschaft bei der Spvgg Wallstadt<\/p>\n\n\n\n<p>Unsere Elf startete sehr gut in die Partie und hatte das Geschehen zun\u00e4chst im Griff und kam auch zu guten Chancen. So tauchte zun\u00e4chst Yusuf Demirci nach einem langen Pass von Segio Latorre frei vor dem Torh\u00fcter auf, setzte den Ball aber weit \u00fcber das Tor. Und kurz danach wurde Moritz Miller frei gespielt, er brachte den Ball auch am Torwart vorbei, aber mit zu wenig Druck, so dass ein Abwehrspieler den Ball noch kurz der Linie kl\u00e4ren konnte. Erst Mitte der ersten Halbzeit kamen die Gastgeber besser in die Partie und bei einer ersten guten Chance landete der Ball nur am Pfosten. Kurz vor Halbzeit verfehlte Tim Glette mit einem Kopfball knapp das Ziel, so dass es torlos in die Pause ging. Leider verschlief unser Team den Auftakt in die zweite Halbzeit komplett. Vom Anpfiff weg bekamen die Gastgeber einen unn\u00f6tigen Einwurf auf H\u00f6he des Strafraums. Dieser eigentlich harmlose Einwurf wurde nicht energisch genug gekl\u00e4rt, so dass ein Wallst\u00e4dter St\u00fcrmer aus kurzer Distanz zum Abschluss kam. Karl Geiser konnte den ersten Schuss noch parieren, doch den Abpraller verwerteten die Gastgeber zur F\u00fchrung. Und nur kurz danach kam erneut ein St\u00fcrmer frei zum Schuss, aber diesmal konnte Karl Geiser im Tor kl\u00e4ren. Erst mit der Zeit fand auch in unsere Elf wieder besser ins Spiel und Mateo Atacan bot sich eine gute Kopfballchance, doch er setzte den Ball weit neben das Tor. Wenig sp\u00e4ter wurde ein Versuch von Yusuf Demirci gerade noch geblockt und Mitte der zweiten Halbzeit schw\u00e4chte sich unsere Elf dann selbst. Nach einem vermeidbaren Ballverlust an der Mittellinie brachte Sergio Latorre einen durchbrechenden Wallst\u00e4dter zu Fall und sah daf\u00fcr die gelb-rote Karte. Wenig sp\u00e4ter nutzten die Gastgeber ihre \u00dcberzahl aus, und erzielten mit einem platzierten Kopfball das 2:0. In der Folgezeit versuchte unser Team zwar zur\u00fcck zu kommen, aber die Gastgeber standen jetzt stabil und liessen kaum etwas zu. In der Nachspielzeit gab es dann noch einen Freisto\u00df aus vielversprechender Position und Yusuf Demirci traf zum 1:2 Anschlusstreffer. Doch direkt nach dem Anspiel pfiff die Schiedsrichterin das Spiel ab. Somit musste man eine Niederlage hinnehmen, die man sich durch mangelnde Chancenverwertung und individuelle Fehler selbst zuzuschreiben hat<\/p>\n\n\n\n<p>Bereits am Mittwoch geht es mit einem weiteren Ausw\u00e4rtsspiel beim SV Enosis Mannheim weiter<\/p>\n","protected":false},"excerpt":{"rendered":"<p>Mit einer v\u00f6llig unn\u00f6tigen 1:2 (0:0) Niederlage endete das erste Ausw\u00e4rtsspiel der Saison f\u00fcr die erste Mannschaft bei der Spvgg Wallstadt Unsere Elf startete sehr gut in die Partie und hatte das Geschehen zun\u00e4chst im Griff und kam auch zu guten Chancen. So tauchte zun\u00e4chst Yusuf Demirci nach einem langen Pass von Segio Latorre frei&hellip;&nbsp;<a href=\"https:\/\/mfc08.de\/?p=9601\" rel=\"bookmark\">Weiterlesen &raquo;<span class=\"screen-reader-text\">Spvgg Wallstadt &#8211; MFC 08 Lindenhof 2:1 (0:0)<\/span><\/a><\/p>\n","protected":false},"author":5,"featured_media":8791,"comment_status":"closed","ping_status":"closed","sticky":false,"template":"","format":"standard","meta":{"neve_meta_sidebar":"","neve_meta_container":"","neve_meta_enable_content_width":"","neve_meta_content_width":0,"neve_meta_title_alignment":"","neve_meta_author_avatar":"","neve_post_elements_order":"","neve_meta_disable_header":"","neve_meta_disable_footer":"","neve_meta_disable_title":"","_themeisle_gutenberg_block_has_review":false,"footnotes":""},"categories":[3],"tags":[],"class_list":["post-9601","post","type-post","status-publish","format-standard","has-post-thumbnail","hentry","category-1-mannschaft"],"_links":{"self":[{"href":"https:\/\/mfc08.de\/index.php?rest_route=\/wp\/v2\/posts\/9601","targetHints":{"allow":["GET"]}}],"collection":[{"href":"https:\/\/mfc08.de\/index.php?rest_route=\/wp\/v2\/posts"}],"about":[{"href":"https:\/\/mfc08.de\/index.php?rest_route=\/wp\/v2\/types\/post"}],"author":[{"embeddable":true,"href":"https:\/\/mfc08.de\/index.php?rest_route=\/wp\/v2\/users\/5"}],"replies":[{"embeddable":true,"href":"https:\/\/mfc08.de\/index.php?rest_route=%2Fwp%2Fv2%2Fcomments&post=9601"}],"version-history":[{"count":1,"href":"https:\/\/mfc08.de\/index.php?rest_route=\/wp\/v2\/posts\/9601\/revisions"}],"predecessor-version":[{"id":9602,"href":"https:\/\/mfc08.de\/index.php?rest_route=\/wp\/v2\/posts\/9601\/revisions\/9602"}],"wp:featuredmedia":[{"embeddable":true,"href":"https:\/\/mfc08.de\/index.php?rest_route=\/wp\/v2\/media\/8791"}],"wp:attachment":[{"href":"https:\/\/mfc08.de\/index.php?rest_route=%2Fwp%2Fv2%2Fmedia&parent=9601"}],"wp:term":[{"taxonomy":"category","embeddable":true,"href":"https:\/\/mfc08.de\/index.php?rest_route=%2Fwp%2Fv2%2Fcategories&post=9601"},{"taxonomy":"post_tag","embeddable":true,"href":"https:\/\/mfc08.de\/index.php?rest_route=%2Fwp%2Fv2%2Ftags&post=9601"}],"curies":[{"name":"wp","href":"https:\/\/api.w.org\/{rel}","templated":true}]}}