{"id":9603,"date":"2025-09-10T21:34:21","date_gmt":"2025-09-10T21:34:21","guid":{"rendered":"https:\/\/mfc08.de\/?p=9603"},"modified":"2025-09-10T21:34:29","modified_gmt":"2025-09-10T21:34:29","slug":"sv-enosis-mannheim-mfc-08-lindenhof-11-01","status":"publish","type":"post","link":"https:\/\/mfc08.de\/?p=9603","title":{"rendered":"SV Enosis Mannheim &#8211; MFC 08 Lindenhof 1:1 (0:1)"},"content":{"rendered":"\n<p>In einem sehr guten Kreisligaspiel kam die erste Mannschaft zu einem 1:1 (0:1) Unentschieden beim SV Enosis Mannheim<\/p>\n\n\n\n<p>Das Spiel begann gut f\u00fcr unsere Elf, Yusuf Demirci konnte schon fr\u00fch f\u00fcr die F\u00fchrung sorgen. In der Folgezeit hatte das Team ein leichtes \u00dcbergewicht und kurz vor der Pause h\u00e4tte erneut Yusuf Demirci fast erh\u00f6ht, doch sein Schuss streifte nur die Querlatte. Die zweite Halbzeit begann dann wieder denkbar schlecht, quasi vom Anpfiff weg erzielten die Gastgeber den Ausgleich. Im Gegenzug bot sich die Chance zur erneuten F\u00fchrung, doch Gianfranco Scopelliti verfehlte nach einem Eckball das Tor knapp. In der Folgezeit entwickelte sich eine temporeiche Partie, in der beide Mannschaften den Siegtreffer wollten. So scheiterte erneut Yusuf Demirci aus aussichtreicher Position an einer guten Fu\u00dfabwehr des Torh\u00fcters und Tim Glette und Moritz Miller scheiterten ebenfalls am Torwart. Aber auch die Gastgeber wurden immer wieder gef\u00e4hrlich, aber die Abwehr verstand es immer wieder die Angriffe zu unterbinden und bei den Sch\u00fcssen, die durch kamen zeigte sich Karl Geiser im Tor auf dem Posten.<\/p>\n\n\n\n<p>Am Sonntag bietet sich im Heimspiel gegen den ASV Feudenheim die n\u00e4chste Chance den ersten Saisonsieg einzufahren<\/p>\n","protected":false},"excerpt":{"rendered":"<p>In einem sehr guten Kreisligaspiel kam die erste Mannschaft zu einem 1:1 (0:1) Unentschieden beim SV Enosis Mannheim Das Spiel begann gut f\u00fcr unsere Elf, Yusuf Demirci konnte schon fr\u00fch f\u00fcr die F\u00fchrung sorgen. In der Folgezeit hatte das Team ein leichtes \u00dcbergewicht und kurz vor der Pause h\u00e4tte erneut Yusuf Demirci fast erh\u00f6ht, doch&hellip;&nbsp;<a href=\"https:\/\/mfc08.de\/?p=9603\" rel=\"bookmark\">Weiterlesen &raquo;<span class=\"screen-reader-text\">SV Enosis Mannheim &#8211; MFC 08 Lindenhof 1:1 (0:1)<\/span><\/a><\/p>\n","protected":false},"author":5,"featured_media":8486,"comment_status":"closed","ping_status":"closed","sticky":false,"template":"","format":"standard","meta":{"neve_meta_sidebar":"","neve_meta_container":"","neve_meta_enable_content_width":"","neve_meta_content_width":0,"neve_meta_title_alignment":"","neve_meta_author_avatar":"","neve_post_elements_order":"","neve_meta_disable_header":"","neve_meta_disable_footer":"","neve_meta_disable_title":"","_themeisle_gutenberg_block_has_review":false,"footnotes":""},"categories":[3],"tags":[],"class_list":["post-9603","post","type-post","status-publish","format-standard","has-post-thumbnail","hentry","category-1-mannschaft"],"_links":{"self":[{"href":"https:\/\/mfc08.de\/index.php?rest_route=\/wp\/v2\/posts\/9603","targetHints":{"allow":["GET"]}}],"collection":[{"href":"https:\/\/mfc08.de\/index.php?rest_route=\/wp\/v2\/posts"}],"about":[{"href":"https:\/\/mfc08.de\/index.php?rest_route=\/wp\/v2\/types\/post"}],"author":[{"embeddable":true,"href":"https:\/\/mfc08.de\/index.php?rest_route=\/wp\/v2\/users\/5"}],"replies":[{"embeddable":true,"href":"https:\/\/mfc08.de\/index.php?rest_route=%2Fwp%2Fv2%2Fcomments&post=9603"}],"version-history":[{"count":1,"href":"https:\/\/mfc08.de\/index.php?rest_route=\/wp\/v2\/posts\/9603\/revisions"}],"predecessor-version":[{"id":9604,"href":"https:\/\/mfc08.de\/index.php?rest_route=\/wp\/v2\/posts\/9603\/revisions\/9604"}],"wp:featuredmedia":[{"embeddable":true,"href":"https:\/\/mfc08.de\/index.php?rest_route=\/wp\/v2\/media\/8486"}],"wp:attachment":[{"href":"https:\/\/mfc08.de\/index.php?rest_route=%2Fwp%2Fv2%2Fmedia&parent=9603"}],"wp:term":[{"taxonomy":"category","embeddable":true,"href":"https:\/\/mfc08.de\/index.php?rest_route=%2Fwp%2Fv2%2Fcategories&post=9603"},{"taxonomy":"post_tag","embeddable":true,"href":"https:\/\/mfc08.de\/index.php?rest_route=%2Fwp%2Fv2%2Ftags&post=9603"}],"curies":[{"name":"wp","href":"https:\/\/api.w.org\/{rel}","templated":true}]}}