{"id":9606,"date":"2025-09-14T19:46:18","date_gmt":"2025-09-14T19:46:18","guid":{"rendered":"https:\/\/mfc08.de\/?p=9606"},"modified":"2025-09-14T19:46:20","modified_gmt":"2025-09-14T19:46:20","slug":"mfc-08-lindenhof-2-sc-08-reilingen-23-11","status":"publish","type":"post","link":"https:\/\/mfc08.de\/?p=9606","title":{"rendered":"MFC 08 Lindenhof 2 \u2013 SC 08 Reilingen 2:3 (1:1)"},"content":{"rendered":"\n<p>Mit einer knappen 2:3 (1:1) Niederlage endete das Spiel der zweiten Mannschaft gegen den SC 08 Reilingen<\/p>\n\n\n\n<p>Es war zun\u00e4chst ein ausgeglichenes Spiel in dem unsere Elf Mitte der ersten Halbzeit etwas gl\u00fccklich in F\u00fchrung ging. Einen langen Ball wollte eine Reilinger Abwehrspieler ins Toraus laufen lassen, doch der Ball prallte an die Eckballfahne. Dadurch kam Pino di Nato an den Ball, seine Hereingabe verpassten&nbsp; 2 Abwehrspieler und Vito Pasculli traf zum 1:0. Doch diese F\u00fchrung sollte leider nicht lange halten und kamen auch relativ schnell zum Ausgleich. Nachdem ein Ball nicht energisch gekl\u00e4rt wurde lief ein St\u00fcrmer frei auf Markus Werner zu und traf zum 1:1. Danach wurden die G\u00e4ste etwas st\u00e4rker, doch bis zur Pause blieb es bei dem Spielstand. Auch in der zweiten Halbzeit waren die G\u00e4ste spielbestimmend. Mitte der zweiten Halbzeit \u00fcbersah der Schiedsrichter eine deutliche Abseitsstellung eines St\u00fcrmers, der den Ball dann im Strafraum zur\u00fccklegte und sein mitgelaufener Sturmkollege traf zur F\u00fchrung. Kurz danach lie\u00df die Abwehr einen St\u00fcrmer bei einem Einwurf v\u00f6llig frei im Strafraum stehen und dieser traf zum 1:3 ins lange Eck. Kurz danach profitierte unsere Elf von einem fragw\u00fcrdigen Freisto\u00df und Tristan Hachgenei verk\u00fcrzte auf 2:3. (Trotz dieser 2 Entscheidungen, die sich im Endeffekt ausglichen, muss ich \u00fcbrigens sagen, dass der Schiedsrichter insgesamt deutlich besser war als das, was ich sp\u00e4ter in einem 3. Liga-Stadion sah.) In der Folgezeit hoffte man nat\u00fcrlich, dass man noch zum Ausgleich kommen k\u00f6nnte, doch eine echte Ausgleichs-Chance ergab sich nicht mehr. Erschwert wurde die Aufgabe zus\u00e4tzlich dadurch, dass Tristan Hachgenei kurz danach wegen absichtlichem Handspiel mit gelb-rot des Feldes verwiesen wurde. Stattdessen bot sich den G\u00e4ste mehrfach die Chance zur Entscheidung, doch Markus Werner im Tor konnte einen weiteren Gegentreffer verhindern und somit blieb es bis um Ende beim knappen R\u00fcckstand und einem insgesamt verdienten Sieg der G\u00e4ste aus<\/p>\n\n\n\n<p>Im n\u00e4chsten Spiel tritt das Team am kommenden Sonntag beim FK Bosna Mannheim an&nbsp;&nbsp;<\/p>\n","protected":false},"excerpt":{"rendered":"<p>Mit einer knappen 2:3 (1:1) Niederlage endete das Spiel der zweiten Mannschaft gegen den SC 08 Reilingen Es war zun\u00e4chst ein ausgeglichenes Spiel in dem unsere Elf Mitte der ersten Halbzeit etwas gl\u00fccklich in F\u00fchrung ging. Einen langen Ball wollte eine Reilinger Abwehrspieler ins Toraus laufen lassen, doch der Ball prallte an die Eckballfahne. Dadurch&hellip;&nbsp;<a href=\"https:\/\/mfc08.de\/?p=9606\" rel=\"bookmark\">Weiterlesen &raquo;<span class=\"screen-reader-text\">MFC 08 Lindenhof 2 \u2013 SC 08 Reilingen 2:3 (1:1)<\/span><\/a><\/p>\n","protected":false},"author":5,"featured_media":8771,"comment_status":"closed","ping_status":"closed","sticky":false,"template":"","format":"standard","meta":{"neve_meta_sidebar":"","neve_meta_container":"","neve_meta_enable_content_width":"","neve_meta_content_width":0,"neve_meta_title_alignment":"","neve_meta_author_avatar":"","neve_post_elements_order":"","neve_meta_disable_header":"","neve_meta_disable_footer":"","neve_meta_disable_title":"","_themeisle_gutenberg_block_has_review":false,"footnotes":""},"categories":[5],"tags":[],"class_list":["post-9606","post","type-post","status-publish","format-standard","has-post-thumbnail","hentry","category-2-mannschaft"],"_links":{"self":[{"href":"https:\/\/mfc08.de\/index.php?rest_route=\/wp\/v2\/posts\/9606","targetHints":{"allow":["GET"]}}],"collection":[{"href":"https:\/\/mfc08.de\/index.php?rest_route=\/wp\/v2\/posts"}],"about":[{"href":"https:\/\/mfc08.de\/index.php?rest_route=\/wp\/v2\/types\/post"}],"author":[{"embeddable":true,"href":"https:\/\/mfc08.de\/index.php?rest_route=\/wp\/v2\/users\/5"}],"replies":[{"embeddable":true,"href":"https:\/\/mfc08.de\/index.php?rest_route=%2Fwp%2Fv2%2Fcomments&post=9606"}],"version-history":[{"count":1,"href":"https:\/\/mfc08.de\/index.php?rest_route=\/wp\/v2\/posts\/9606\/revisions"}],"predecessor-version":[{"id":9607,"href":"https:\/\/mfc08.de\/index.php?rest_route=\/wp\/v2\/posts\/9606\/revisions\/9607"}],"wp:featuredmedia":[{"embeddable":true,"href":"https:\/\/mfc08.de\/index.php?rest_route=\/wp\/v2\/media\/8771"}],"wp:attachment":[{"href":"https:\/\/mfc08.de\/index.php?rest_route=%2Fwp%2Fv2%2Fmedia&parent=9606"}],"wp:term":[{"taxonomy":"category","embeddable":true,"href":"https:\/\/mfc08.de\/index.php?rest_route=%2Fwp%2Fv2%2Fcategories&post=9606"},{"taxonomy":"post_tag","embeddable":true,"href":"https:\/\/mfc08.de\/index.php?rest_route=%2Fwp%2Fv2%2Ftags&post=9606"}],"curies":[{"name":"wp","href":"https:\/\/api.w.org\/{rel}","templated":true}]}}