{"id":9608,"date":"2025-09-14T19:50:01","date_gmt":"2025-09-14T19:50:01","guid":{"rendered":"https:\/\/mfc08.de\/?p=9608"},"modified":"2025-09-14T19:50:03","modified_gmt":"2025-09-14T19:50:03","slug":"mfc-08-lindenhof-asv-feudenheim-23-10","status":"publish","type":"post","link":"https:\/\/mfc08.de\/?p=9608","title":{"rendered":"MFC 08 Lindenhof \u2013 ASV Feudenheim 2:3 (1:0)"},"content":{"rendered":"\n<p>Trotz einer 2:0 F\u00fchrung musste die erste Mannschaft am Schluss in Unterzahl eine 2:3 (1:0) gegen den ASV Feudenheim hinnehmen<\/p>\n\n\n\n<p>Unsere Elf hatte das Spiel zun\u00e4chst eigentlich gut im Griff, tat sich aber schwer richtig gute Chancen zu erspielen. Nach einer halben Stunde dann aber doch die F\u00fchrung. Yusuf Demirci wurde im Strafraum zu Fall gebracht, und Patrick Szarka verwandelte den f\u00e4lligen Elfmeter sicher zum 1:0. In der Folge parierte der Feudenheimer Torwart zweimal stark gegen einen Freisto\u00df von Sergio Latorre und einen Schuss von Arafate Tcha-Gnaou und so blieb es zur Pause bei der knappen F\u00fchrung. Als Moritz Miller fr\u00fch in der zweiten Halbzeit auf 2:0 erh\u00f6hte, deutete alles auf den ersten Saisonsieg hin, da man bis dahin defensiv alles im Griff hatte. Doch dann sah Yusuf Demirci, der in der ersten Halbzeit gef\u00fchlt 100mal gefoult wurde, ohne dass seine Gegenspieler daf\u00fcr eine gelber Karte sahen, binnen weniger Minuten zun\u00e4chst gelb wegen Meckerns und dann gelb-rot wegen eines Fouls. Die G\u00e4ste nutzten diese \u00dcberzahl schnell aus und konnten durch einen Doppelschlag das Spiel ausgleichen. Eine Viertelstunde vor Schluss gingen die G\u00e4ste dann sogar in F\u00fchrung. Auch in Unterzahl hatte unsere Elf zwar einige Chancen, ein Tor wollte aber nicht mehr gelingen und so stand leider eine weitere unn\u00f6tige Niederlage zu Buche<\/p>\n\n\n\n<p>N\u00e4chsten Sonntag tritt das Team bei der SG Oftersheim an und hofft dort endlich den ersten Saisonsieg einzufahren<\/p>\n","protected":false},"excerpt":{"rendered":"<p>Trotz einer 2:0 F\u00fchrung musste die erste Mannschaft am Schluss in Unterzahl eine 2:3 (1:0) gegen den ASV Feudenheim hinnehmen Unsere Elf hatte das Spiel zun\u00e4chst eigentlich gut im Griff, tat sich aber schwer richtig gute Chancen zu erspielen. Nach einer halben Stunde dann aber doch die F\u00fchrung. Yusuf Demirci wurde im Strafraum zu Fall&hellip;&nbsp;<a href=\"https:\/\/mfc08.de\/?p=9608\" rel=\"bookmark\">Weiterlesen &raquo;<span class=\"screen-reader-text\">MFC 08 Lindenhof \u2013 ASV Feudenheim 2:3 (1:0)<\/span><\/a><\/p>\n","protected":false},"author":5,"featured_media":8791,"comment_status":"closed","ping_status":"closed","sticky":false,"template":"","format":"standard","meta":{"neve_meta_sidebar":"","neve_meta_container":"","neve_meta_enable_content_width":"","neve_meta_content_width":0,"neve_meta_title_alignment":"","neve_meta_author_avatar":"","neve_post_elements_order":"","neve_meta_disable_header":"","neve_meta_disable_footer":"","neve_meta_disable_title":"","_themeisle_gutenberg_block_has_review":false,"footnotes":""},"categories":[3],"tags":[],"class_list":["post-9608","post","type-post","status-publish","format-standard","has-post-thumbnail","hentry","category-1-mannschaft"],"_links":{"self":[{"href":"https:\/\/mfc08.de\/index.php?rest_route=\/wp\/v2\/posts\/9608","targetHints":{"allow":["GET"]}}],"collection":[{"href":"https:\/\/mfc08.de\/index.php?rest_route=\/wp\/v2\/posts"}],"about":[{"href":"https:\/\/mfc08.de\/index.php?rest_route=\/wp\/v2\/types\/post"}],"author":[{"embeddable":true,"href":"https:\/\/mfc08.de\/index.php?rest_route=\/wp\/v2\/users\/5"}],"replies":[{"embeddable":true,"href":"https:\/\/mfc08.de\/index.php?rest_route=%2Fwp%2Fv2%2Fcomments&post=9608"}],"version-history":[{"count":1,"href":"https:\/\/mfc08.de\/index.php?rest_route=\/wp\/v2\/posts\/9608\/revisions"}],"predecessor-version":[{"id":9609,"href":"https:\/\/mfc08.de\/index.php?rest_route=\/wp\/v2\/posts\/9608\/revisions\/9609"}],"wp:featuredmedia":[{"embeddable":true,"href":"https:\/\/mfc08.de\/index.php?rest_route=\/wp\/v2\/media\/8791"}],"wp:attachment":[{"href":"https:\/\/mfc08.de\/index.php?rest_route=%2Fwp%2Fv2%2Fmedia&parent=9608"}],"wp:term":[{"taxonomy":"category","embeddable":true,"href":"https:\/\/mfc08.de\/index.php?rest_route=%2Fwp%2Fv2%2Fcategories&post=9608"},{"taxonomy":"post_tag","embeddable":true,"href":"https:\/\/mfc08.de\/index.php?rest_route=%2Fwp%2Fv2%2Ftags&post=9608"}],"curies":[{"name":"wp","href":"https:\/\/api.w.org\/{rel}","templated":true}]}}