{"id":9629,"date":"2025-09-21T20:17:41","date_gmt":"2025-09-21T20:17:41","guid":{"rendered":"https:\/\/mfc08.de\/?p=9629"},"modified":"2025-09-21T20:17:43","modified_gmt":"2025-09-21T20:17:43","slug":"sg-oftersheim-mfc-08-lindenhof-72-50","status":"publish","type":"post","link":"https:\/\/mfc08.de\/?p=9629","title":{"rendered":"SG Oftersheim &#8211; MFC 08 Lindenhof 7:2 (5:0)"},"content":{"rendered":"\n<p>Nach einer desolaten Anfangsphase musste die erste Mannschaft bei der SG Oftersheim eine klare 2:7 (0:5) Niederlage hin nehmen<\/p>\n\n\n\n<p>Die erste Chance im Spiel hatte unser Team, doch Gianfranco Scopelliti setzte den Ball nach Flanke von Tim Glette aus kurzer Distanz \u00fcber das Tor. Die Gastgeber nutzten dagegen ihre erste Chance und gingen somit fr\u00fch in F\u00fchrung. Danach bot sich noch einmal Gianfranco Scopelliti eine M\u00f6glichkeit, doch er brachte den Ball in aussichtsreicher Position nicht schnell genug unter Kontrolle und konnte somit noch geblockt werden. Es folgten 5 katastrophale Minuten, in denen Oftersheim jeden Angriff in einen Treffer umm\u00fcnzen konnte, wobei unsere Defensive in dieser Phase keinerlei Zugriff fand. Fast ohne Gegenwehr kamen die Gastgeber somit zu 3 Treffern und das Spiel war Mitte der ersten Halbzeit mit 4:0 eigentlich schon entschieden. Kurz vor der Pause erh\u00f6hte Oftersheim sogar auf 5:0. Und auch in der zweiten Halbzeit ging es zun\u00e4chst so weiter, die Gastgeber erh\u00f6hten schnell auf 6:0. Doch danach zeigte unsere Elf wenigstens etwas Moral und lie\u00df sich nicht noch weiter abschie\u00dfen. Arafate Tcha-Gnaou verk\u00fcrzte auf 1:6 und einen weiteren Oftersheimer Treffer konterte Mateo Atacan, der per Kopf auf Flanke von Jannik Neumann zum 2:7 Endstand traf<\/p>\n\n\n\n<p>N\u00e4chste Woche kommt der Aufsteiger TSG Rheinau auf den 08er und hier sollte endlich der erste Saisonsieg her, um nicht von Anfang an im Tabellenkeller festzuh\u00e4ngen<\/p>\n","protected":false},"excerpt":{"rendered":"<p>Nach einer desolaten Anfangsphase musste die erste Mannschaft bei der SG Oftersheim eine klare 2:7 (0:5) Niederlage hin nehmen Die erste Chance im Spiel hatte unser Team, doch Gianfranco Scopelliti setzte den Ball nach Flanke von Tim Glette aus kurzer Distanz \u00fcber das Tor. Die Gastgeber nutzten dagegen ihre erste Chance und gingen somit fr\u00fch&hellip;&nbsp;<a href=\"https:\/\/mfc08.de\/?p=9629\" rel=\"bookmark\">Weiterlesen &raquo;<span class=\"screen-reader-text\">SG Oftersheim &#8211; MFC 08 Lindenhof 7:2 (5:0)<\/span><\/a><\/p>\n","protected":false},"author":5,"featured_media":8791,"comment_status":"closed","ping_status":"closed","sticky":false,"template":"","format":"standard","meta":{"neve_meta_sidebar":"","neve_meta_container":"","neve_meta_enable_content_width":"","neve_meta_content_width":0,"neve_meta_title_alignment":"","neve_meta_author_avatar":"","neve_post_elements_order":"","neve_meta_disable_header":"","neve_meta_disable_footer":"","neve_meta_disable_title":"","_themeisle_gutenberg_block_has_review":false,"footnotes":""},"categories":[3],"tags":[],"class_list":["post-9629","post","type-post","status-publish","format-standard","has-post-thumbnail","hentry","category-1-mannschaft"],"_links":{"self":[{"href":"https:\/\/mfc08.de\/index.php?rest_route=\/wp\/v2\/posts\/9629","targetHints":{"allow":["GET"]}}],"collection":[{"href":"https:\/\/mfc08.de\/index.php?rest_route=\/wp\/v2\/posts"}],"about":[{"href":"https:\/\/mfc08.de\/index.php?rest_route=\/wp\/v2\/types\/post"}],"author":[{"embeddable":true,"href":"https:\/\/mfc08.de\/index.php?rest_route=\/wp\/v2\/users\/5"}],"replies":[{"embeddable":true,"href":"https:\/\/mfc08.de\/index.php?rest_route=%2Fwp%2Fv2%2Fcomments&post=9629"}],"version-history":[{"count":1,"href":"https:\/\/mfc08.de\/index.php?rest_route=\/wp\/v2\/posts\/9629\/revisions"}],"predecessor-version":[{"id":9630,"href":"https:\/\/mfc08.de\/index.php?rest_route=\/wp\/v2\/posts\/9629\/revisions\/9630"}],"wp:featuredmedia":[{"embeddable":true,"href":"https:\/\/mfc08.de\/index.php?rest_route=\/wp\/v2\/media\/8791"}],"wp:attachment":[{"href":"https:\/\/mfc08.de\/index.php?rest_route=%2Fwp%2Fv2%2Fmedia&parent=9629"}],"wp:term":[{"taxonomy":"category","embeddable":true,"href":"https:\/\/mfc08.de\/index.php?rest_route=%2Fwp%2Fv2%2Fcategories&post=9629"},{"taxonomy":"post_tag","embeddable":true,"href":"https:\/\/mfc08.de\/index.php?rest_route=%2Fwp%2Fv2%2Ftags&post=9629"}],"curies":[{"name":"wp","href":"https:\/\/api.w.org\/{rel}","templated":true}]}}