{"id":9661,"date":"2025-09-28T18:49:12","date_gmt":"2025-09-28T18:49:12","guid":{"rendered":"https:\/\/mfc08.de\/?p=9661"},"modified":"2025-09-28T18:49:15","modified_gmt":"2025-09-28T18:49:15","slug":"mfc-08-lindenhof-2-spvgg-ketsch-2-12-01","status":"publish","type":"post","link":"https:\/\/mfc08.de\/?p=9661","title":{"rendered":"MFC 08 Lindenhof 2 \u2013 Spvgg Ketsch 2 \u00a01:2 (0:1)"},"content":{"rendered":"\n<p>Mit einer knappen 1:2 (0:1) Niederlage endete das Spiel der zweiten Mannschaft gegen die Spvgg Ketsch 2<\/p>\n\n\n\n<p>Die G\u00e4ste \u00fcbernahmen zun\u00e4chst die Spielkontrolle und stellte unsere Defensive immer wieder vor Probleme. Dennoch hielt man lange das 0:0, doch kurz vor der Pause schaltete Ketsch nach einem Ballverlust wieder einmal schnell um und erzielte die verdiente F\u00fchrung. Direkt vor der Pause bot sich aus dem Nichts die grosse Chance zum Ausgleich, aber Alexander Kraus scheiterte mit einem Handelfmeter am Ketscher Torwart. Auch die erste Chance nach der Pause bot sich den G\u00e4sten, doch ein St\u00fcrmer verfehlte v\u00f6llig frei vor dem Tor. Erst danach kam unsere Zweite besser ins Spiel und durch einen sch\u00f6nen Distanzschuss von Abdallah Bdiwi auch wirklich zum Ausgleich. Doch das Unentschieden hielt nicht lange, schnell ging Ketsch wieder in F\u00fchrung. Michel B\u00f6ing bot sich nochmals die Chance zum Ausgleich, aber er scheiterte am gut reagierenden G\u00e4ste-Torwart. Da auch Ketsch einige weitere Chancen liegen lie\u00df, blieb es bis zum Schluss spannend, aber am Ende stand die vierte Niederlage in Folge zu Buche.<\/p>\n\n\n\n<p>N\u00e4chste Woche geht es zum Aufsteiger TSG Rheinau 2 und hier sollte endlich wieder gepunktet werden<\/p>\n","protected":false},"excerpt":{"rendered":"<p>Mit einer knappen 1:2 (0:1) Niederlage endete das Spiel der zweiten Mannschaft gegen die Spvgg Ketsch 2 Die G\u00e4ste \u00fcbernahmen zun\u00e4chst die Spielkontrolle und stellte unsere Defensive immer wieder vor Probleme. Dennoch hielt man lange das 0:0, doch kurz vor der Pause schaltete Ketsch nach einem Ballverlust wieder einmal schnell um und erzielte die verdiente&hellip;&nbsp;<a href=\"https:\/\/mfc08.de\/?p=9661\" rel=\"bookmark\">Weiterlesen &raquo;<span class=\"screen-reader-text\">MFC 08 Lindenhof 2 \u2013 Spvgg Ketsch 2 \u00a01:2 (0:1)<\/span><\/a><\/p>\n","protected":false},"author":5,"featured_media":8771,"comment_status":"closed","ping_status":"closed","sticky":false,"template":"","format":"standard","meta":{"neve_meta_sidebar":"","neve_meta_container":"","neve_meta_enable_content_width":"","neve_meta_content_width":0,"neve_meta_title_alignment":"","neve_meta_author_avatar":"","neve_post_elements_order":"","neve_meta_disable_header":"","neve_meta_disable_footer":"","neve_meta_disable_title":"","_themeisle_gutenberg_block_has_review":false,"footnotes":""},"categories":[5],"tags":[],"class_list":["post-9661","post","type-post","status-publish","format-standard","has-post-thumbnail","hentry","category-2-mannschaft"],"_links":{"self":[{"href":"https:\/\/mfc08.de\/index.php?rest_route=\/wp\/v2\/posts\/9661","targetHints":{"allow":["GET"]}}],"collection":[{"href":"https:\/\/mfc08.de\/index.php?rest_route=\/wp\/v2\/posts"}],"about":[{"href":"https:\/\/mfc08.de\/index.php?rest_route=\/wp\/v2\/types\/post"}],"author":[{"embeddable":true,"href":"https:\/\/mfc08.de\/index.php?rest_route=\/wp\/v2\/users\/5"}],"replies":[{"embeddable":true,"href":"https:\/\/mfc08.de\/index.php?rest_route=%2Fwp%2Fv2%2Fcomments&post=9661"}],"version-history":[{"count":1,"href":"https:\/\/mfc08.de\/index.php?rest_route=\/wp\/v2\/posts\/9661\/revisions"}],"predecessor-version":[{"id":9662,"href":"https:\/\/mfc08.de\/index.php?rest_route=\/wp\/v2\/posts\/9661\/revisions\/9662"}],"wp:featuredmedia":[{"embeddable":true,"href":"https:\/\/mfc08.de\/index.php?rest_route=\/wp\/v2\/media\/8771"}],"wp:attachment":[{"href":"https:\/\/mfc08.de\/index.php?rest_route=%2Fwp%2Fv2%2Fmedia&parent=9661"}],"wp:term":[{"taxonomy":"category","embeddable":true,"href":"https:\/\/mfc08.de\/index.php?rest_route=%2Fwp%2Fv2%2Fcategories&post=9661"},{"taxonomy":"post_tag","embeddable":true,"href":"https:\/\/mfc08.de\/index.php?rest_route=%2Fwp%2Fv2%2Ftags&post=9661"}],"curies":[{"name":"wp","href":"https:\/\/api.w.org\/{rel}","templated":true}]}}