{"id":9680,"date":"2025-10-12T19:37:44","date_gmt":"2025-10-12T19:37:44","guid":{"rendered":"https:\/\/mfc08.de\/?p=9680"},"modified":"2025-10-12T19:37:46","modified_gmt":"2025-10-12T19:37:46","slug":"mfc-08-lindenhof-fv-bruehl-2-41-21","status":"publish","type":"post","link":"https:\/\/mfc08.de\/?p=9680","title":{"rendered":"MFC 08 Lindenhof \u2013 FV Br\u00fchl 2 4:1 (2:1)"},"content":{"rendered":"\n<p>Durch ein souver\u00e4nes 4:1 (2:1) gegen den FV Br\u00fchl 2 feierte die erste Mannschaft den 3. Sieg in Folge<\/p>\n\n\n\n<p>Unsere Elf hatte von Anfang an deutlich mehr Ballbesitz, aber die erste gute Chance hatten die G\u00e4ste. Nach einer feinen Einzelleistung lief ein Spieler frei auf Karl Geiser im Tor zu, setzte den Ball aber neben das Tor. Besser machte es auf der anderen Seite \u00d6mer Kilichan. Er lief in eine zu&nbsp; kurze Kopfballr\u00fcckgabe und traf zur F\u00fchrung. Kurz danach h\u00e4tte Oliver Schlick fast erh\u00f6ht, aber sein Schuss verfehlte das Tor ganz knapp. Mitte der ersten Halbzeit wurde Sergio Latorre im Strafraum freigespielt und er erh\u00f6hte auf 2:0. In der Folge hatte unsere Elf das Spiel eigentlich voll im Griff, aber mit der letzten Aktion vor der Pause verk\u00fcrzten die G\u00e4ste durch eine erneut sch\u00f6ne Einzelleistung auf 1:2. Doch auch in der zweiten Halbzeit \u00e4nderte sich wenig am Spielverlauf, unser Team mit deutlich mehr Ballbesitz und Mitte der zweiten Halbzeit konnte man das dann auch in Z\u00e4hlbares umm\u00fcnzen. Zun\u00e4chst spielte Sergio Latorre einen feinen Ball auf Oliver Schlick, der kurz vor dem Torwart an den Ball kam und den alten Abstand wieder herstellte. Und kurz danach der sch\u00f6nste Angriff des Spiels. Tim Glette legte den Ball im Strafraum durch zu Mateo Atacan und seinen Querpa\u00df vollendete erneut Oliver Schlick zum 4:1. In der Folgezeit kontrollierte man das Spiel sicher, lie\u00df defensiv \u00fcberhaupt nichts gef\u00e4hrliches und da man offensiv auch nicht mehr mit letzter Konsequenz zu Werke ging, blieb es somit bei diesem klaren Sieg<\/p>\n\n\n\n<p>N\u00e4chste Woche empf\u00e4ngt man den VfL Kurpfalz Neckarau zum Derby auf dem 08er und hofft nat\u00fcrlich die kleine Serie weiter ausbauen zu k\u00f6nnen&nbsp;<\/p>\n","protected":false},"excerpt":{"rendered":"<p>Durch ein souver\u00e4nes 4:1 (2:1) gegen den FV Br\u00fchl 2 feierte die erste Mannschaft den 3. Sieg in Folge Unsere Elf hatte von Anfang an deutlich mehr Ballbesitz, aber die erste gute Chance hatten die G\u00e4ste. Nach einer feinen Einzelleistung lief ein Spieler frei auf Karl Geiser im Tor zu, setzte den Ball aber neben&hellip;&nbsp;<a href=\"https:\/\/mfc08.de\/?p=9680\" rel=\"bookmark\">Weiterlesen &raquo;<span class=\"screen-reader-text\">MFC 08 Lindenhof \u2013 FV Br\u00fchl 2 4:1 (2:1)<\/span><\/a><\/p>\n","protected":false},"author":5,"featured_media":9664,"comment_status":"closed","ping_status":"closed","sticky":false,"template":"","format":"standard","meta":{"neve_meta_sidebar":"","neve_meta_container":"","neve_meta_enable_content_width":"","neve_meta_content_width":0,"neve_meta_title_alignment":"","neve_meta_author_avatar":"","neve_post_elements_order":"","neve_meta_disable_header":"","neve_meta_disable_footer":"","neve_meta_disable_title":"","_themeisle_gutenberg_block_has_review":false,"footnotes":""},"categories":[3],"tags":[],"class_list":["post-9680","post","type-post","status-publish","format-standard","has-post-thumbnail","hentry","category-1-mannschaft"],"_links":{"self":[{"href":"https:\/\/mfc08.de\/index.php?rest_route=\/wp\/v2\/posts\/9680","targetHints":{"allow":["GET"]}}],"collection":[{"href":"https:\/\/mfc08.de\/index.php?rest_route=\/wp\/v2\/posts"}],"about":[{"href":"https:\/\/mfc08.de\/index.php?rest_route=\/wp\/v2\/types\/post"}],"author":[{"embeddable":true,"href":"https:\/\/mfc08.de\/index.php?rest_route=\/wp\/v2\/users\/5"}],"replies":[{"embeddable":true,"href":"https:\/\/mfc08.de\/index.php?rest_route=%2Fwp%2Fv2%2Fcomments&post=9680"}],"version-history":[{"count":1,"href":"https:\/\/mfc08.de\/index.php?rest_route=\/wp\/v2\/posts\/9680\/revisions"}],"predecessor-version":[{"id":9681,"href":"https:\/\/mfc08.de\/index.php?rest_route=\/wp\/v2\/posts\/9680\/revisions\/9681"}],"wp:featuredmedia":[{"embeddable":true,"href":"https:\/\/mfc08.de\/index.php?rest_route=\/wp\/v2\/media\/9664"}],"wp:attachment":[{"href":"https:\/\/mfc08.de\/index.php?rest_route=%2Fwp%2Fv2%2Fmedia&parent=9680"}],"wp:term":[{"taxonomy":"category","embeddable":true,"href":"https:\/\/mfc08.de\/index.php?rest_route=%2Fwp%2Fv2%2Fcategories&post=9680"},{"taxonomy":"post_tag","embeddable":true,"href":"https:\/\/mfc08.de\/index.php?rest_route=%2Fwp%2Fv2%2Ftags&post=9680"}],"curies":[{"name":"wp","href":"https:\/\/api.w.org\/{rel}","templated":true}]}}