{"id":9690,"date":"2025-10-17T14:24:50","date_gmt":"2025-10-17T14:24:50","guid":{"rendered":"https:\/\/mfc08.de\/?p=9690"},"modified":"2025-10-17T14:24:51","modified_gmt":"2025-10-17T14:24:51","slug":"moll-meets-mfc-08-lindenhof","status":"publish","type":"post","link":"https:\/\/mfc08.de\/?p=9690","title":{"rendered":"Moll meets MFC 08 Lindenhof"},"content":{"rendered":"\n<p>In Kooperation mit dem Moll Gymnasium gibt es seit dem 2. Oktober unter der fachlichen Anleitung von G\u00f6khan Terzi und Robert Neudert eine Fu\u00dfball AG.<\/p>\n\n\n\n<p>Die AG richtet sich an alle Fu\u00dfballbegeisterte welche Interesse und Lust am Fu\u00dfballspielen haben.<\/p>\n\n\n\n<p>Statt findet die AG immer Donnerstags ab der 9. Sunde, je nach Wetterlage in der Sporthalle oder dem Sportplatz des Moll Gymnasiums. Der Teilnehmerkreis rekrutiert sich aus Sch\u00fclerinnen und Sch\u00fcler der 5. Klasse bis Stufe J2.<\/p>\n\n\n\n<p>Schon in der zweiten Trainingseinheit konnte die Anzahl der Teilnehmer\/Innen um \u00fcber 30 % gesteigert werden.<\/p>\n\n\n\n<p>Die ersten Trainingseinheiten zeigten ein gro\u00dfes Interesse und sowohl Teilnehmer als auch Trainer waren mit den absolvierten Einheiten sehr zufrieden.<\/p>\n","protected":false},"excerpt":{"rendered":"<p>In Kooperation mit dem Moll Gymnasium gibt es seit dem 2. Oktober unter der fachlichen Anleitung von G\u00f6khan Terzi und Robert Neudert eine Fu\u00dfball AG. Die AG richtet sich an alle Fu\u00dfballbegeisterte welche Interesse und Lust am Fu\u00dfballspielen haben. Statt findet die AG immer Donnerstags ab der 9. Sunde, je nach Wetterlage in der Sporthalle&hellip;&nbsp;<a href=\"https:\/\/mfc08.de\/?p=9690\" rel=\"bookmark\">Weiterlesen &raquo;<span class=\"screen-reader-text\">Moll meets MFC 08 Lindenhof<\/span><\/a><\/p>\n","protected":false},"author":12,"featured_media":9691,"comment_status":"closed","ping_status":"closed","sticky":false,"template":"","format":"standard","meta":{"neve_meta_sidebar":"","neve_meta_container":"","neve_meta_enable_content_width":"","neve_meta_content_width":0,"neve_meta_title_alignment":"","neve_meta_author_avatar":"","neve_post_elements_order":"","neve_meta_disable_header":"","neve_meta_disable_footer":"","neve_meta_disable_title":"","_themeisle_gutenberg_block_has_review":false,"footnotes":""},"categories":[11,1],"tags":[],"class_list":["post-9690","post","type-post","status-publish","format-standard","has-post-thumbnail","hentry","category-jugend","category-uncategorized"],"_links":{"self":[{"href":"https:\/\/mfc08.de\/index.php?rest_route=\/wp\/v2\/posts\/9690","targetHints":{"allow":["GET"]}}],"collection":[{"href":"https:\/\/mfc08.de\/index.php?rest_route=\/wp\/v2\/posts"}],"about":[{"href":"https:\/\/mfc08.de\/index.php?rest_route=\/wp\/v2\/types\/post"}],"author":[{"embeddable":true,"href":"https:\/\/mfc08.de\/index.php?rest_route=\/wp\/v2\/users\/12"}],"replies":[{"embeddable":true,"href":"https:\/\/mfc08.de\/index.php?rest_route=%2Fwp%2Fv2%2Fcomments&post=9690"}],"version-history":[{"count":1,"href":"https:\/\/mfc08.de\/index.php?rest_route=\/wp\/v2\/posts\/9690\/revisions"}],"predecessor-version":[{"id":9692,"href":"https:\/\/mfc08.de\/index.php?rest_route=\/wp\/v2\/posts\/9690\/revisions\/9692"}],"wp:featuredmedia":[{"embeddable":true,"href":"https:\/\/mfc08.de\/index.php?rest_route=\/wp\/v2\/media\/9691"}],"wp:attachment":[{"href":"https:\/\/mfc08.de\/index.php?rest_route=%2Fwp%2Fv2%2Fmedia&parent=9690"}],"wp:term":[{"taxonomy":"category","embeddable":true,"href":"https:\/\/mfc08.de\/index.php?rest_route=%2Fwp%2Fv2%2Fcategories&post=9690"},{"taxonomy":"post_tag","embeddable":true,"href":"https:\/\/mfc08.de\/index.php?rest_route=%2Fwp%2Fv2%2Ftags&post=9690"}],"curies":[{"name":"wp","href":"https:\/\/api.w.org\/{rel}","templated":true}]}}