{"id":9703,"date":"2025-10-26T19:02:36","date_gmt":"2025-10-26T19:02:36","guid":{"rendered":"https:\/\/mfc08.de\/?p=9703"},"modified":"2025-10-26T19:02:38","modified_gmt":"2025-10-26T19:02:38","slug":"fv-03-ladenburg-mfc-08-lindenhof-30-30","status":"publish","type":"post","link":"https:\/\/mfc08.de\/?p=9703","title":{"rendered":"FV 03 Ladenburg &#8211; MFC 08 Lindenhof 3:0 (3:0)"},"content":{"rendered":"\n<p>Auf Grund einer v\u00f6llig verschlafenen ersten Halbzeit kassierte die erste Mannschaft eine klare 0:3 (0:3) Niederlage beim FV 03 Ladenburg<\/p>\n\n\n\n<p>Von Anfang an zeigten sich die Gastgeber wesentlich griffiger und ballsicherer, w\u00e4hrend unser Team \u00fcberhaupt keinen Zugriff auf das Spiel bekam. Folgerichtig fiel auch schon fr\u00fch die F\u00fchrung als ein Spieler frei vor Karl Geiser auftauchte und eiskalt vollstreckte. Auch in der Folgezeit blieb Ladenburg deutlich \u00fcberlegen und mehrfach musste Karl Geiser im Tor einen h\u00f6heren R\u00fcckstand verhindern. Nach einer halben Stunde musste man dann aber durch einen Kopfball nach einer Ecke doch das 0:2 hinnehmen und kurz darauf sogar das 0:3 als erneut ein Spieler frei auf Karl Geiser zulaufen konnte. Wie schon beim F\u00fchrungstor sah das stark nach Abseits aus, auf der anderen Seite hatte man zuvor aber auch Gl\u00fcck, dass bei einem Zweikampf im Strafraum kein Elfmeterpfiff erfolgte, die F\u00fchrung der Gastgeber ging somit auch in der H\u00f6he absolut in Ordnung. Erst kurz vor der Pause kam dann auch unser Team zu einer ersten Chance, doch Tim Glette scheiterte am Torwart. Zu Beginn der zweiten Halbzeit bot sich dann die Chance das Spiel eventuell noch mal etwas spannender zu machen. Doch zun\u00e4chst verzog Tim Glette knapp und dann scheiterte Mateo Atacan aus kurzer Distanz am gut reagierenden Torwart. Kurz danach hatten die Gastgeber die grosse Chance zu erh\u00f6hen. Erneut lief ein St\u00fcrmer frei auf Karl Geiser zu, doch diesmal konnte dieser parieren. In der Folge entwickelte sich eine absolut offene Partie, in dem unser Team wesentlich besser mitspielte als noch in Halbzeit eins. Trotz einiger Chancen auf beiden Seiten fielen aber keine weitere Treffer mehr<\/p>\n\n\n\n<p>N\u00e4chste Woche besteht in der schwierige Aufgabe gegen den Tabellenf\u00fchrer SC K\u00e4fertal die M\u00f6glichkeit diesen schwachen Auftritt vergessen zu machen &nbsp;&nbsp;&nbsp;&nbsp;<\/p>\n","protected":false},"excerpt":{"rendered":"<p>Auf Grund einer v\u00f6llig verschlafenen ersten Halbzeit kassierte die erste Mannschaft eine klare 0:3 (0:3) Niederlage beim FV 03 Ladenburg Von Anfang an zeigten sich die Gastgeber wesentlich griffiger und ballsicherer, w\u00e4hrend unser Team \u00fcberhaupt keinen Zugriff auf das Spiel bekam. Folgerichtig fiel auch schon fr\u00fch die F\u00fchrung als ein Spieler frei vor Karl Geiser&hellip;&nbsp;<a href=\"https:\/\/mfc08.de\/?p=9703\" rel=\"bookmark\">Weiterlesen &raquo;<span class=\"screen-reader-text\">FV 03 Ladenburg &#8211; MFC 08 Lindenhof 3:0 (3:0)<\/span><\/a><\/p>\n","protected":false},"author":5,"featured_media":9664,"comment_status":"closed","ping_status":"closed","sticky":false,"template":"","format":"standard","meta":{"neve_meta_sidebar":"","neve_meta_container":"","neve_meta_enable_content_width":"","neve_meta_content_width":0,"neve_meta_title_alignment":"","neve_meta_author_avatar":"","neve_post_elements_order":"","neve_meta_disable_header":"","neve_meta_disable_footer":"","neve_meta_disable_title":"","_themeisle_gutenberg_block_has_review":false,"footnotes":""},"categories":[3],"tags":[],"class_list":["post-9703","post","type-post","status-publish","format-standard","has-post-thumbnail","hentry","category-1-mannschaft"],"_links":{"self":[{"href":"https:\/\/mfc08.de\/index.php?rest_route=\/wp\/v2\/posts\/9703","targetHints":{"allow":["GET"]}}],"collection":[{"href":"https:\/\/mfc08.de\/index.php?rest_route=\/wp\/v2\/posts"}],"about":[{"href":"https:\/\/mfc08.de\/index.php?rest_route=\/wp\/v2\/types\/post"}],"author":[{"embeddable":true,"href":"https:\/\/mfc08.de\/index.php?rest_route=\/wp\/v2\/users\/5"}],"replies":[{"embeddable":true,"href":"https:\/\/mfc08.de\/index.php?rest_route=%2Fwp%2Fv2%2Fcomments&post=9703"}],"version-history":[{"count":1,"href":"https:\/\/mfc08.de\/index.php?rest_route=\/wp\/v2\/posts\/9703\/revisions"}],"predecessor-version":[{"id":9705,"href":"https:\/\/mfc08.de\/index.php?rest_route=\/wp\/v2\/posts\/9703\/revisions\/9705"}],"wp:featuredmedia":[{"embeddable":true,"href":"https:\/\/mfc08.de\/index.php?rest_route=\/wp\/v2\/media\/9664"}],"wp:attachment":[{"href":"https:\/\/mfc08.de\/index.php?rest_route=%2Fwp%2Fv2%2Fmedia&parent=9703"}],"wp:term":[{"taxonomy":"category","embeddable":true,"href":"https:\/\/mfc08.de\/index.php?rest_route=%2Fwp%2Fv2%2Fcategories&post=9703"},{"taxonomy":"post_tag","embeddable":true,"href":"https:\/\/mfc08.de\/index.php?rest_route=%2Fwp%2Fv2%2Ftags&post=9703"}],"curies":[{"name":"wp","href":"https:\/\/api.w.org\/{rel}","templated":true}]}}