{"id":9739,"date":"2025-11-02T21:46:53","date_gmt":"2025-11-02T21:46:53","guid":{"rendered":"https:\/\/mfc08.de\/?p=9739"},"modified":"2025-11-02T21:46:55","modified_gmt":"2025-11-02T21:46:55","slug":"mfc-08-lindenhof-sc-kaefertal-02-01","status":"publish","type":"post","link":"https:\/\/mfc08.de\/?p=9739","title":{"rendered":"MFC 08 Lindenhof \u2013 SC K\u00e4fertal 0:2 (0:1)"},"content":{"rendered":"\n<p>Eine verdiente 0:2 (0:1) Niederlage musste die erste Mannschaft im Heimspiel gegen den Tabellenf\u00fchrer SC K\u00e4fertal hinnehmen<\/p>\n\n\n\n<p>Die G\u00e4ste stellten von Beginn an unter Beweis, dass sie zu Recht an der Tabellenspitze stehen und \u00fcbernahmen sofort das Kommando auf dem Platz. Schon in der Anfangsphase war Karl Geiser im Tor bei zwei gef\u00e4hrlichen Kopfb\u00e4llen gefordert, einen fr\u00fchen R\u00fcckstand zu verhindern. Ungl\u00fccklich dann die Entstehung des, allerdings verdienten, F\u00fchrungstreffers f\u00fcr K\u00e4fertal. Bei einem Kl\u00e4rungsversuch auf H\u00f6he der Mittellinie traf ein Abwehrspieler einen Mitspieler und der Ball prallte genau in den Lauf eines St\u00fcrmers, der mit einem satten Schuss ins lange Ecke traf. Auch in der Folgezeit blieben die G\u00e4ste spielbestimmend, aber weitere Gegentreffer konnte unser Team verhindern. Kurz vor der Pause bot sich dann sogar die Chance zum Ausgleich, aber Tim Glette scheiterte aus aussichtsreicher Position am Torwart. Auch nach dem Wechsel \u00e4nderte sich nichts an den Kr\u00e4fteverh\u00e4ltnissen auf dem Platz. Weiterhin hatten die G\u00e4ste das Spiel unter Kontrolle und erneut war es mehrfach Karl Geiser, der einen h\u00f6heren R\u00fcckstand verhinderte. Erst in der Schlussphase konnte sich unser Team etwas von dem Druck befreien, doch eine echte Chance konnte man sich nicht erspielen. Kurz vor SchIuss erh\u00f6hten die G\u00e4ste dann nach einer Ecke noch auf 0:2, womit das Spiel endg\u00fcltig entschieden war &nbsp;&nbsp;&nbsp;&nbsp;&nbsp;&nbsp;&nbsp;<\/p>\n\n\n\n<p>Es gilt zu hoffen, dass das Team n\u00e4chste Woche beim SC Pfingstberg-Hochst\u00e4tt wieder punkten kann, um in der extrem engen Liga nicht wieder in die Abstiegsregion abzurutschen&nbsp;&nbsp;&nbsp;&nbsp;<\/p>\n","protected":false},"excerpt":{"rendered":"<p>Eine verdiente 0:2 (0:1) Niederlage musste die erste Mannschaft im Heimspiel gegen den Tabellenf\u00fchrer SC K\u00e4fertal hinnehmen Die G\u00e4ste stellten von Beginn an unter Beweis, dass sie zu Recht an der Tabellenspitze stehen und \u00fcbernahmen sofort das Kommando auf dem Platz. Schon in der Anfangsphase war Karl Geiser im Tor bei zwei gef\u00e4hrlichen Kopfb\u00e4llen gefordert,&hellip;&nbsp;<a href=\"https:\/\/mfc08.de\/?p=9739\" rel=\"bookmark\">Weiterlesen &raquo;<span class=\"screen-reader-text\">MFC 08 Lindenhof \u2013 SC K\u00e4fertal 0:2 (0:1)<\/span><\/a><\/p>\n","protected":false},"author":5,"featured_media":9664,"comment_status":"closed","ping_status":"closed","sticky":false,"template":"","format":"standard","meta":{"neve_meta_sidebar":"","neve_meta_container":"","neve_meta_enable_content_width":"","neve_meta_content_width":0,"neve_meta_title_alignment":"","neve_meta_author_avatar":"","neve_post_elements_order":"","neve_meta_disable_header":"","neve_meta_disable_footer":"","neve_meta_disable_title":"","_themeisle_gutenberg_block_has_review":false,"footnotes":""},"categories":[3],"tags":[],"class_list":["post-9739","post","type-post","status-publish","format-standard","has-post-thumbnail","hentry","category-1-mannschaft"],"_links":{"self":[{"href":"https:\/\/mfc08.de\/index.php?rest_route=\/wp\/v2\/posts\/9739","targetHints":{"allow":["GET"]}}],"collection":[{"href":"https:\/\/mfc08.de\/index.php?rest_route=\/wp\/v2\/posts"}],"about":[{"href":"https:\/\/mfc08.de\/index.php?rest_route=\/wp\/v2\/types\/post"}],"author":[{"embeddable":true,"href":"https:\/\/mfc08.de\/index.php?rest_route=\/wp\/v2\/users\/5"}],"replies":[{"embeddable":true,"href":"https:\/\/mfc08.de\/index.php?rest_route=%2Fwp%2Fv2%2Fcomments&post=9739"}],"version-history":[{"count":1,"href":"https:\/\/mfc08.de\/index.php?rest_route=\/wp\/v2\/posts\/9739\/revisions"}],"predecessor-version":[{"id":9740,"href":"https:\/\/mfc08.de\/index.php?rest_route=\/wp\/v2\/posts\/9739\/revisions\/9740"}],"wp:featuredmedia":[{"embeddable":true,"href":"https:\/\/mfc08.de\/index.php?rest_route=\/wp\/v2\/media\/9664"}],"wp:attachment":[{"href":"https:\/\/mfc08.de\/index.php?rest_route=%2Fwp%2Fv2%2Fmedia&parent=9739"}],"wp:term":[{"taxonomy":"category","embeddable":true,"href":"https:\/\/mfc08.de\/index.php?rest_route=%2Fwp%2Fv2%2Fcategories&post=9739"},{"taxonomy":"post_tag","embeddable":true,"href":"https:\/\/mfc08.de\/index.php?rest_route=%2Fwp%2Fv2%2Ftags&post=9739"}],"curies":[{"name":"wp","href":"https:\/\/api.w.org\/{rel}","templated":true}]}}