{"id":9745,"date":"2025-11-09T19:54:58","date_gmt":"2025-11-09T19:54:58","guid":{"rendered":"https:\/\/mfc08.de\/?p=9745"},"modified":"2025-11-09T19:55:00","modified_gmt":"2025-11-09T19:55:00","slug":"sv-98-schwetzingen-2-mfc-08-lindenhof-2-05-01","status":"publish","type":"post","link":"https:\/\/mfc08.de\/?p=9745","title":{"rendered":"SV 98 Schwetzingen 2 &#8211; MFC 08 Lindenhof 2 0:5 (0:1)"},"content":{"rendered":"\n<p>Einen hohen 5:0 (1:0) Erfolg feierte die zweite Mannschaft beim SV 98 Schwetzingen 2<\/p>\n\n\n\n<p>Auch in diesem Spiel zeigte sich unsere Elf von Beginn an spielbestimmend, allerding wollte zun\u00e4chst der letzte Pass nicht gelingen, so dass die klaren Chancen ausblieben. Da die eigene Defensive aber sicher stand kamen auch die Gastgeber kaum zu Abschl\u00fcssen. Nach einer halben Stunde verwertete dann Vito Pasculli nach einem sch\u00f6n vorgetragenen Angriff eine Flanke von Max Siegmann zur F\u00fchrung. Da danach erneut Vito Pasculli und Steffen Kerber in aussichtsreichen Positionen am Schwetzinger Torwart scheiterten blieb es bis zur Pause bei der knappen F\u00fchrung. Unmittelbar nach dem Wiederbeginn kam Leon Umst\u00e4tter an der Strafraumgrenze an den Ball und mit einem platzierten Schuss erh\u00f6hte er auf 2:0. Und erneut Leon Umst\u00e4tter war nach einer Stunde nach einem Eckball mit dem Kopf zur stelle und erh\u00f6hte auf 3:0, was zugleich bereits die Vorentscheidung war. In der Folgezeit bem\u00fchten sich die Gastgeber zwar zur\u00fcck in die Partie zu finden, aber unser Team stand defensiv weiter sehr aufmerksam und man kam selbst immer wieder zu guten M\u00f6glichkeiten. In den Schlussminuten konnten erneut Vito Pasculli und Leon Umst\u00e4tter noch auf 5:0 erh\u00f6hen<\/p>\n\n\n\n<p>N\u00e4chste Woche kommt mit dem FV 08 Hockenheim eines der Spitzenteams der Liga auf den 08er<\/p>\n","protected":false},"excerpt":{"rendered":"<p>Einen hohen 5:0 (1:0) Erfolg feierte die zweite Mannschaft beim SV 98 Schwetzingen 2 Auch in diesem Spiel zeigte sich unsere Elf von Beginn an spielbestimmend, allerding wollte zun\u00e4chst der letzte Pass nicht gelingen, so dass die klaren Chancen ausblieben. Da die eigene Defensive aber sicher stand kamen auch die Gastgeber kaum zu Abschl\u00fcssen. Nach&hellip;&nbsp;<a href=\"https:\/\/mfc08.de\/?p=9745\" rel=\"bookmark\">Weiterlesen &raquo;<span class=\"screen-reader-text\">SV 98 Schwetzingen 2 &#8211; MFC 08 Lindenhof 2 0:5 (0:1)<\/span><\/a><\/p>\n","protected":false},"author":5,"featured_media":9697,"comment_status":"closed","ping_status":"closed","sticky":false,"template":"","format":"standard","meta":{"neve_meta_sidebar":"","neve_meta_container":"","neve_meta_enable_content_width":"","neve_meta_content_width":0,"neve_meta_title_alignment":"","neve_meta_author_avatar":"","neve_post_elements_order":"","neve_meta_disable_header":"","neve_meta_disable_footer":"","neve_meta_disable_title":"","_themeisle_gutenberg_block_has_review":false,"footnotes":""},"categories":[5],"tags":[],"class_list":["post-9745","post","type-post","status-publish","format-standard","has-post-thumbnail","hentry","category-2-mannschaft"],"_links":{"self":[{"href":"https:\/\/mfc08.de\/index.php?rest_route=\/wp\/v2\/posts\/9745","targetHints":{"allow":["GET"]}}],"collection":[{"href":"https:\/\/mfc08.de\/index.php?rest_route=\/wp\/v2\/posts"}],"about":[{"href":"https:\/\/mfc08.de\/index.php?rest_route=\/wp\/v2\/types\/post"}],"author":[{"embeddable":true,"href":"https:\/\/mfc08.de\/index.php?rest_route=\/wp\/v2\/users\/5"}],"replies":[{"embeddable":true,"href":"https:\/\/mfc08.de\/index.php?rest_route=%2Fwp%2Fv2%2Fcomments&post=9745"}],"version-history":[{"count":2,"href":"https:\/\/mfc08.de\/index.php?rest_route=\/wp\/v2\/posts\/9745\/revisions"}],"predecessor-version":[{"id":9747,"href":"https:\/\/mfc08.de\/index.php?rest_route=\/wp\/v2\/posts\/9745\/revisions\/9747"}],"wp:featuredmedia":[{"embeddable":true,"href":"https:\/\/mfc08.de\/index.php?rest_route=\/wp\/v2\/media\/9697"}],"wp:attachment":[{"href":"https:\/\/mfc08.de\/index.php?rest_route=%2Fwp%2Fv2%2Fmedia&parent=9745"}],"wp:term":[{"taxonomy":"category","embeddable":true,"href":"https:\/\/mfc08.de\/index.php?rest_route=%2Fwp%2Fv2%2Fcategories&post=9745"},{"taxonomy":"post_tag","embeddable":true,"href":"https:\/\/mfc08.de\/index.php?rest_route=%2Fwp%2Fv2%2Ftags&post=9745"}],"curies":[{"name":"wp","href":"https:\/\/api.w.org\/{rel}","templated":true}]}}