{"id":9772,"date":"2025-11-15T12:59:51","date_gmt":"2025-11-15T12:59:51","guid":{"rendered":"https:\/\/mfc08.de\/?p=9772"},"modified":"2025-11-15T12:59:53","modified_gmt":"2025-11-15T12:59:53","slug":"b-juniorinnen-sind-einlaufkinder-beim-sv-waldhof","status":"publish","type":"post","link":"https:\/\/mfc08.de\/?p=9772","title":{"rendered":"B-Juniorinnen sind Einlaufkinder beim SV Waldhof"},"content":{"rendered":"\n<p>Am 10. November hatten unsere B \u2013 Juniorinnen die aufregende Gelegenheit, beim Pokalspiel zwischen SV Waldhof Mannheim und Astoria Walldorf dabei zu sein. Der Endstand lautete 4:1 n.V., doch das Ergebnis war f\u00fcr unsere M\u00e4dchen nur ein Teil des Erlebnisses.<\/p>\n\n\n\n<p>Die Spielerinnen durften vor dem Spiel den Rasen betreten, was f\u00fcr viele von ihnen ein unvergesslicher Moment sein wird. Sie hatten die M\u00f6glichkeit, Fotos zu machen und die Atmosph\u00e4re des Stadions hautnah zu erleben. Besonders spannend war die Zeit im Einlauftunnel, wo die Aufregung sp\u00fcrbar war und die Vorfreude auf das Spiel in der Luft lag.<\/p>\n\n\n\n<p>Das Highlight f\u00fcr die M\u00e4dchen war der Moment, als sie mit den Spielern des SV Waldhof Mannheim einlaufen durften. Dieser besondere Augenblick wird sicherlich in ihren Erinnerungen fest verankert bleiben und ihnen noch lange Freude bereiten.<\/p>\n\n\n\n<p>Solche Erlebnisse st\u00e4rken nicht nur die Teamgemeinschaft, sondern f\u00f6rdern auch die Begeisterung f\u00fcr den Fu\u00dfball. Wir sind stolz auf unsere B \u2013 Juniorinnen und freuen uns auf weitere Events in der Zukunft!<\/p>\n","protected":false},"excerpt":{"rendered":"<p>Am 10. November hatten unsere B \u2013 Juniorinnen die aufregende Gelegenheit, beim Pokalspiel zwischen SV Waldhof Mannheim und Astoria Walldorf dabei zu sein. Der Endstand lautete 4:1 n.V., doch das Ergebnis war f\u00fcr unsere M\u00e4dchen nur ein Teil des Erlebnisses. Die Spielerinnen durften vor dem Spiel den Rasen betreten, was f\u00fcr viele von ihnen ein&hellip;&nbsp;<a href=\"https:\/\/mfc08.de\/?p=9772\" rel=\"bookmark\">Weiterlesen &raquo;<span class=\"screen-reader-text\">B-Juniorinnen sind Einlaufkinder beim SV Waldhof<\/span><\/a><\/p>\n","protected":false},"author":9,"featured_media":9775,"comment_status":"closed","ping_status":"closed","sticky":false,"template":"","format":"standard","meta":{"neve_meta_sidebar":"","neve_meta_container":"","neve_meta_enable_content_width":"","neve_meta_content_width":0,"neve_meta_title_alignment":"","neve_meta_author_avatar":"","neve_post_elements_order":"","neve_meta_disable_header":"","neve_meta_disable_footer":"","neve_meta_disable_title":"","_themeisle_gutenberg_block_has_review":false,"footnotes":""},"categories":[11,1],"tags":[],"class_list":["post-9772","post","type-post","status-publish","format-standard","has-post-thumbnail","hentry","category-jugend","category-uncategorized"],"_links":{"self":[{"href":"https:\/\/mfc08.de\/index.php?rest_route=\/wp\/v2\/posts\/9772","targetHints":{"allow":["GET"]}}],"collection":[{"href":"https:\/\/mfc08.de\/index.php?rest_route=\/wp\/v2\/posts"}],"about":[{"href":"https:\/\/mfc08.de\/index.php?rest_route=\/wp\/v2\/types\/post"}],"author":[{"embeddable":true,"href":"https:\/\/mfc08.de\/index.php?rest_route=\/wp\/v2\/users\/9"}],"replies":[{"embeddable":true,"href":"https:\/\/mfc08.de\/index.php?rest_route=%2Fwp%2Fv2%2Fcomments&post=9772"}],"version-history":[{"count":1,"href":"https:\/\/mfc08.de\/index.php?rest_route=\/wp\/v2\/posts\/9772\/revisions"}],"predecessor-version":[{"id":9774,"href":"https:\/\/mfc08.de\/index.php?rest_route=\/wp\/v2\/posts\/9772\/revisions\/9774"}],"wp:featuredmedia":[{"embeddable":true,"href":"https:\/\/mfc08.de\/index.php?rest_route=\/wp\/v2\/media\/9775"}],"wp:attachment":[{"href":"https:\/\/mfc08.de\/index.php?rest_route=%2Fwp%2Fv2%2Fmedia&parent=9772"}],"wp:term":[{"taxonomy":"category","embeddable":true,"href":"https:\/\/mfc08.de\/index.php?rest_route=%2Fwp%2Fv2%2Fcategories&post=9772"},{"taxonomy":"post_tag","embeddable":true,"href":"https:\/\/mfc08.de\/index.php?rest_route=%2Fwp%2Fv2%2Ftags&post=9772"}],"curies":[{"name":"wp","href":"https:\/\/api.w.org\/{rel}","templated":true}]}}