{"id":9784,"date":"2025-11-16T20:33:54","date_gmt":"2025-11-16T20:33:54","guid":{"rendered":"https:\/\/mfc08.de\/?p=9784"},"modified":"2025-11-16T20:33:55","modified_gmt":"2025-11-16T20:33:55","slug":"mfc-08-lindenhof-2-fv-08-hockenheim-43-30","status":"publish","type":"post","link":"https:\/\/mfc08.de\/?p=9784","title":{"rendered":"MFC 08 Lindenhof 2 \u2013 FV 08 Hockenheim 4:3 (3:0)"},"content":{"rendered":"\n<p>In einem kampfbetonten Spiel rang die zweite Mannschaft mit dem FV 08 Hockenheim eines der Top-Teams der Liga mit 4:3 (3:0) nieder und feierte somit den dritten Sieg in Folge<\/p>\n\n\n\n<p>Die G\u00e4ste starteten extrem druckvoll in die Partie und bereits in der Anfangsminute musste Steffen Kerber in h\u00f6chster Not kurz vor der Linie kl\u00e4ren und kurz danach klatschte der Ball nach einem Schuss an die Latte, so dass sich unser Team in der Anfangsphase nicht \u00fcber einen R\u00fcckstand h\u00e4tte beklagen k\u00f6nnen. Aber mit der Zeit konnte man sich etwas vom Druck befreien und bei der ersten gelungenen Offensiv-Aktion traf unser A-Jugend-Spieler Nils Glette in seinem ersten Spiel im Aktiven-Bereich mit einem satten Schuss von der Strafraumgrenze zur F\u00fchrung. Und nur kurz danach konnte sich Nils Glette erneut gut durchsetzen und seine Hereingabe vollstreckte Vito Pasculli aus kurzer Distanz zum 2:0. In der Folge Hockenheim zwar mit deutlich mehr Ballbesitz, aber die Defensive hatte sich jetzt besser auf die Angriffsbem\u00fchungen eingestellt und konnte somit grosse Chancen vermeiden. Kurz vor der Pause wurde dann erneut Nils Glette freigespielt und er vollstreckte frei vor dem Torwart eiskalt zum 3:0, was auch gleichzeitig der Pausenstand war. Direkt nach Wiederbeginn konnten die G\u00e4ste durch einen Distanzschuss verk\u00fcrzen und als Lennart Droste ebenfalls noch in der Anfangsphase der zweiten Halbzeit einen langen Ball ungl\u00fccklich \u00fcber Markus Werner im Tor hinweg zum 2:3 Anschlusstreffer verl\u00e4ngerte, drohte das Spiel zu kippen. Aber man behielt die Nerven und Vito Pasculli h\u00e4tte fast wieder erh\u00f6hen k\u00f6nnen, aber er scheiterte mit einem Kopfball am gegnerischen Torwart, der den Ball gerade noch an die Latte lenken konnte. Doch kurz danach spritzte erneut Vito Pasculli in einen zu kurzen R\u00fcckpass auf den Torwart und spitzelte den Ball zum 4:2 ins Tor. Hockenheim versuchte zwar weiterhin Druck zu entwickeln, hatte deutlich mehr Ballbesitz, aber die Defensive stand weiterhin sehr aufmerksam und lie\u00df kaum etwas zu. Erst in der Nachspielzeit verk\u00fcrzten die G\u00e4ste durch einen weiterer Distanzschuss noch einmal auf 3:4, aber bei diesem Spielstand blieb es bis zum Ende<\/p>\n\n\n\n<p>N\u00e4chste Woche geht es zum Derby beim TSV Neckarau und mit den Leistungen der letzten Spiele kann man sich auch dort durchaus etwas ausrechnen<\/p>\n","protected":false},"excerpt":{"rendered":"<p>In einem kampfbetonten Spiel rang die zweite Mannschaft mit dem FV 08 Hockenheim eines der Top-Teams der Liga mit 4:3 (3:0) nieder und feierte somit den dritten Sieg in Folge Die G\u00e4ste starteten extrem druckvoll in die Partie und bereits in der Anfangsminute musste Steffen Kerber in h\u00f6chster Not kurz vor der Linie kl\u00e4ren und&hellip;&nbsp;<a href=\"https:\/\/mfc08.de\/?p=9784\" rel=\"bookmark\">Weiterlesen &raquo;<span class=\"screen-reader-text\">MFC 08 Lindenhof 2 \u2013 FV 08 Hockenheim 4:3 (3:0)<\/span><\/a><\/p>\n","protected":false},"author":5,"featured_media":9697,"comment_status":"closed","ping_status":"closed","sticky":false,"template":"","format":"standard","meta":{"neve_meta_sidebar":"","neve_meta_container":"","neve_meta_enable_content_width":"","neve_meta_content_width":0,"neve_meta_title_alignment":"","neve_meta_author_avatar":"","neve_post_elements_order":"","neve_meta_disable_header":"","neve_meta_disable_footer":"","neve_meta_disable_title":"","_themeisle_gutenberg_block_has_review":false,"footnotes":""},"categories":[5],"tags":[],"class_list":["post-9784","post","type-post","status-publish","format-standard","has-post-thumbnail","hentry","category-2-mannschaft"],"_links":{"self":[{"href":"https:\/\/mfc08.de\/index.php?rest_route=\/wp\/v2\/posts\/9784","targetHints":{"allow":["GET"]}}],"collection":[{"href":"https:\/\/mfc08.de\/index.php?rest_route=\/wp\/v2\/posts"}],"about":[{"href":"https:\/\/mfc08.de\/index.php?rest_route=\/wp\/v2\/types\/post"}],"author":[{"embeddable":true,"href":"https:\/\/mfc08.de\/index.php?rest_route=\/wp\/v2\/users\/5"}],"replies":[{"embeddable":true,"href":"https:\/\/mfc08.de\/index.php?rest_route=%2Fwp%2Fv2%2Fcomments&post=9784"}],"version-history":[{"count":1,"href":"https:\/\/mfc08.de\/index.php?rest_route=\/wp\/v2\/posts\/9784\/revisions"}],"predecessor-version":[{"id":9785,"href":"https:\/\/mfc08.de\/index.php?rest_route=\/wp\/v2\/posts\/9784\/revisions\/9785"}],"wp:featuredmedia":[{"embeddable":true,"href":"https:\/\/mfc08.de\/index.php?rest_route=\/wp\/v2\/media\/9697"}],"wp:attachment":[{"href":"https:\/\/mfc08.de\/index.php?rest_route=%2Fwp%2Fv2%2Fmedia&parent=9784"}],"wp:term":[{"taxonomy":"category","embeddable":true,"href":"https:\/\/mfc08.de\/index.php?rest_route=%2Fwp%2Fv2%2Fcategories&post=9784"},{"taxonomy":"post_tag","embeddable":true,"href":"https:\/\/mfc08.de\/index.php?rest_route=%2Fwp%2Fv2%2Ftags&post=9784"}],"curies":[{"name":"wp","href":"https:\/\/api.w.org\/{rel}","templated":true}]}}