{"id":9793,"date":"2025-11-20T19:03:06","date_gmt":"2025-11-20T19:03:06","guid":{"rendered":"https:\/\/mfc08.de\/?p=9793"},"modified":"2025-11-20T19:03:07","modified_gmt":"2025-11-20T19:03:07","slug":"mfc-jugendtrainer-auf-fortbildung","status":"publish","type":"post","link":"https:\/\/mfc08.de\/?p=9793","title":{"rendered":"MFC-Jugendtrainer auf Fortbildung"},"content":{"rendered":"\n<p>Unsere Jugendtrainer G\u00f6khan Terzi (E-Jugend), Roland B\u00fcsen (C-Jugend) und Robert Neudert (D-Jugend) nehmen aktuell an einer Fortbildung zum zertifizierten <strong>DFB Jugendtrainer<\/strong> teil.<\/p>\n\n\n\n<p>Die Pr\u00e4senzphasen zu dieser Fortbildung wurden in Kooperation beim <strong>SVW Mannheim<\/strong> sowie beim <strong>VFR Mannheim<\/strong> abgehalten.<\/p>\n\n\n\n<p>Die Teilnehmer erhalten Einblicke in die heutige Lebenswelt und Charakteristika von Jugendlichen, die Trainingsphilosophie Deutschland sowie Ziele des Jugendfu\u00dfballs und wichtige Trainingsinhalte werden vermittelt. In der Praxisphase ging es auf den Platz, wo das Erlernte in die Tat umgesetzt wurde und die Teilnehmer ihre erarbeiteten Trainingseinheiten pr\u00e4sentierten. Am ersten Pr\u00e4senztag erhielten wir beim SVW Mannheim spontan eine Stadionf\u00fchrung durch das Carl-Benz-Stadion.&nbsp;<\/p>\n\n\n\n<p>Auch am zweiten Pr\u00e4senztag gingen die Highlights weiter, wir erhielten einen spannenden Vortrag zur Deutschen Meisterschaft 1949 des VFR Mannheim. Im Anschluss gab es auch hier eine interessante Stadionf\u00fchrung mit Blick hinter die Kulissen. Vervollst\u00e4ndigt wurde das Ganze dann durch ein abschlie\u00dfendes Fotoshooting mit der Meisterschale.<\/p>\n\n\n\n<p>Aktuell nehmen auch noch weitere Trainer* innen unseres Vereins an Qualifizierungsma\u00dfnahmen teil bzw. sind schon angemeldet.<\/p>\n\n\n\n<p>N\u00e4chstes Jahr findet dezentral auf unserem Vereinsgel\u00e4nde auch eine Fortbildung zum <strong>DFB Kindertrainer Zertifikat<\/strong> statt. Die Pr\u00e4senztage sind am <strong>09.05.2026 und 23.05.2026<\/strong>. Zahlreiche Anmeldungen hierzu sind bereits eingegangen, noch sind Pl\u00e4tze frei!!! Weitere Infos zu dieser Veranstaltung finden sich auch auf der Homepage des Badischen Fu\u00dfballverbandes.<\/p>\n","protected":false},"excerpt":{"rendered":"<p>Unsere Jugendtrainer G\u00f6khan Terzi (E-Jugend), Roland B\u00fcsen (C-Jugend) und Robert Neudert (D-Jugend) nehmen aktuell an einer Fortbildung zum zertifizierten DFB Jugendtrainer teil. Die Pr\u00e4senzphasen zu dieser Fortbildung wurden in Kooperation beim SVW Mannheim sowie beim VFR Mannheim abgehalten. Die Teilnehmer erhalten Einblicke in die heutige Lebenswelt und Charakteristika von Jugendlichen, die Trainingsphilosophie Deutschland sowie Ziele&hellip;&nbsp;<a href=\"https:\/\/mfc08.de\/?p=9793\" rel=\"bookmark\">Weiterlesen &raquo;<span class=\"screen-reader-text\">MFC-Jugendtrainer auf Fortbildung<\/span><\/a><\/p>\n","protected":false},"author":12,"featured_media":9794,"comment_status":"closed","ping_status":"closed","sticky":false,"template":"","format":"standard","meta":{"neve_meta_sidebar":"","neve_meta_container":"","neve_meta_enable_content_width":"","neve_meta_content_width":0,"neve_meta_title_alignment":"","neve_meta_author_avatar":"","neve_post_elements_order":"","neve_meta_disable_header":"","neve_meta_disable_footer":"","neve_meta_disable_title":"","_themeisle_gutenberg_block_has_review":false,"footnotes":""},"categories":[11,1],"tags":[],"class_list":["post-9793","post","type-post","status-publish","format-standard","has-post-thumbnail","hentry","category-jugend","category-uncategorized"],"_links":{"self":[{"href":"https:\/\/mfc08.de\/index.php?rest_route=\/wp\/v2\/posts\/9793","targetHints":{"allow":["GET"]}}],"collection":[{"href":"https:\/\/mfc08.de\/index.php?rest_route=\/wp\/v2\/posts"}],"about":[{"href":"https:\/\/mfc08.de\/index.php?rest_route=\/wp\/v2\/types\/post"}],"author":[{"embeddable":true,"href":"https:\/\/mfc08.de\/index.php?rest_route=\/wp\/v2\/users\/12"}],"replies":[{"embeddable":true,"href":"https:\/\/mfc08.de\/index.php?rest_route=%2Fwp%2Fv2%2Fcomments&post=9793"}],"version-history":[{"count":1,"href":"https:\/\/mfc08.de\/index.php?rest_route=\/wp\/v2\/posts\/9793\/revisions"}],"predecessor-version":[{"id":9795,"href":"https:\/\/mfc08.de\/index.php?rest_route=\/wp\/v2\/posts\/9793\/revisions\/9795"}],"wp:featuredmedia":[{"embeddable":true,"href":"https:\/\/mfc08.de\/index.php?rest_route=\/wp\/v2\/media\/9794"}],"wp:attachment":[{"href":"https:\/\/mfc08.de\/index.php?rest_route=%2Fwp%2Fv2%2Fmedia&parent=9793"}],"wp:term":[{"taxonomy":"category","embeddable":true,"href":"https:\/\/mfc08.de\/index.php?rest_route=%2Fwp%2Fv2%2Fcategories&post=9793"},{"taxonomy":"post_tag","embeddable":true,"href":"https:\/\/mfc08.de\/index.php?rest_route=%2Fwp%2Fv2%2Ftags&post=9793"}],"curies":[{"name":"wp","href":"https:\/\/api.w.org\/{rel}","templated":true}]}}