{"id":9806,"date":"2025-11-23T19:24:40","date_gmt":"2025-11-23T19:24:40","guid":{"rendered":"https:\/\/mfc08.de\/?p=9806"},"modified":"2025-11-23T19:24:42","modified_gmt":"2025-11-23T19:24:42","slug":"tsv-neckarau-mfc-08-lindenhof-2-33-21","status":"publish","type":"post","link":"https:\/\/mfc08.de\/?p=9806","title":{"rendered":"TSV Neckarau &#8211; MFC 08 Lindenhof 2 3:3 (2:1)"},"content":{"rendered":"\n<p>Durch einen ganz sp\u00e4ten Treffer holte die zweite Mannschaft ein 3:3 (1:2) Unentschieden im Derby beim TSV Neckarau<\/p>\n\n\n\n<p>Die Gastgeber gingen fr\u00fch in F\u00fchrung, doch Vito Pasculli konnte auch schnell den Ausgleich erzielen. Nach einer halben Stunde gelang der TSV die erneute F\u00fchrung und mit diesem Ergebnis ging es auch in die Pause. Max Siegmann war es dann, der in der Anfangsphase der zweiten Halbzeit wieder f\u00fcr den Ausgleich sorgte. Mitte der zweiten Halbzeit ging die TuS zum dritten Mal in F\u00fchrung und diese hatte auch bis in die Nachspielzeit Bestand. Diese dauerte insgesamt 9 Minuten und hatte auch noch einiges an Aufregung zu bieten. Zun\u00e4chst sah Simon M\u00fcller die gelb-rote Karte, was die Aufgabe zus\u00e4tzlich erschwerte. Aber auch in Unterzahl traf Nils Glette doch noch zum 3:3 Ausgleich, womit das Team auch im vierten Spiel in Folge ungeschlagen blieb<\/p>\n\n\n\n<p>Im letzten Spiel des Jahres empf\u00e4ngt die Mannschaft den souver\u00e4nen Tabellenf\u00fchrer SV Rohrhof und kann hier v\u00f6llig unbeschwert aufspielen<\/p>\n","protected":false},"excerpt":{"rendered":"<p>Durch einen ganz sp\u00e4ten Treffer holte die zweite Mannschaft ein 3:3 (1:2) Unentschieden im Derby beim TSV Neckarau Die Gastgeber gingen fr\u00fch in F\u00fchrung, doch Vito Pasculli konnte auch schnell den Ausgleich erzielen. Nach einer halben Stunde gelang der TSV die erneute F\u00fchrung und mit diesem Ergebnis ging es auch in die Pause. Max Siegmann&hellip;&nbsp;<a href=\"https:\/\/mfc08.de\/?p=9806\" rel=\"bookmark\">Weiterlesen &raquo;<span class=\"screen-reader-text\">TSV Neckarau &#8211; MFC 08 Lindenhof 2 3:3 (2:1)<\/span><\/a><\/p>\n","protected":false},"author":5,"featured_media":9697,"comment_status":"closed","ping_status":"closed","sticky":false,"template":"","format":"standard","meta":{"neve_meta_sidebar":"","neve_meta_container":"","neve_meta_enable_content_width":"","neve_meta_content_width":0,"neve_meta_title_alignment":"","neve_meta_author_avatar":"","neve_post_elements_order":"","neve_meta_disable_header":"","neve_meta_disable_footer":"","neve_meta_disable_title":"","_themeisle_gutenberg_block_has_review":false,"footnotes":""},"categories":[5],"tags":[],"class_list":["post-9806","post","type-post","status-publish","format-standard","has-post-thumbnail","hentry","category-2-mannschaft"],"_links":{"self":[{"href":"https:\/\/mfc08.de\/index.php?rest_route=\/wp\/v2\/posts\/9806","targetHints":{"allow":["GET"]}}],"collection":[{"href":"https:\/\/mfc08.de\/index.php?rest_route=\/wp\/v2\/posts"}],"about":[{"href":"https:\/\/mfc08.de\/index.php?rest_route=\/wp\/v2\/types\/post"}],"author":[{"embeddable":true,"href":"https:\/\/mfc08.de\/index.php?rest_route=\/wp\/v2\/users\/5"}],"replies":[{"embeddable":true,"href":"https:\/\/mfc08.de\/index.php?rest_route=%2Fwp%2Fv2%2Fcomments&post=9806"}],"version-history":[{"count":1,"href":"https:\/\/mfc08.de\/index.php?rest_route=\/wp\/v2\/posts\/9806\/revisions"}],"predecessor-version":[{"id":9807,"href":"https:\/\/mfc08.de\/index.php?rest_route=\/wp\/v2\/posts\/9806\/revisions\/9807"}],"wp:featuredmedia":[{"embeddable":true,"href":"https:\/\/mfc08.de\/index.php?rest_route=\/wp\/v2\/media\/9697"}],"wp:attachment":[{"href":"https:\/\/mfc08.de\/index.php?rest_route=%2Fwp%2Fv2%2Fmedia&parent=9806"}],"wp:term":[{"taxonomy":"category","embeddable":true,"href":"https:\/\/mfc08.de\/index.php?rest_route=%2Fwp%2Fv2%2Fcategories&post=9806"},{"taxonomy":"post_tag","embeddable":true,"href":"https:\/\/mfc08.de\/index.php?rest_route=%2Fwp%2Fv2%2Ftags&post=9806"}],"curies":[{"name":"wp","href":"https:\/\/api.w.org\/{rel}","templated":true}]}}