{"id":9808,"date":"2025-11-23T19:27:36","date_gmt":"2025-11-23T19:27:36","guid":{"rendered":"https:\/\/mfc08.de\/?p=9808"},"modified":"2025-11-23T19:27:40","modified_gmt":"2025-11-23T19:27:40","slug":"spvgg-ilvesheim-mfc-08-lindenhof-42-22","status":"publish","type":"post","link":"https:\/\/mfc08.de\/?p=9808","title":{"rendered":"Spvgg Ilvesheim &#8211; MFC 08 Lindenhof 4:2 (2:2)"},"content":{"rendered":"\n<p>Auch bei der Spvgg Ilvesheim konnte die erste Mannschaft den Negativlauf der letzten Wochen nicht stoppen und kassierte mit einem 2:4 (2:2) die f\u00fcnfte Niederlage in Folge<\/p>\n\n\n\n<p>In der Anfangsphase bestimmten die Gastgeber die Partie und schon fr\u00fch scheiterte ein St\u00fcrmer freistehend an Karl Geiser im Tor. Etwas \u00fcberraschend gelang dann&nbsp; unserem Team die F\u00fchrung. Einen langen Ball von Jannik Neumann erlief Oliver Schlick und sein Heber \u00fcber den Torwart bedeutete das 0:1. Aber diese F\u00fchrung sollte leider nicht lange Bestand haben. Wieder einmal konnte ein gegnerischer St\u00fcmer den Ball nach einer Ecke aus kurzer Distanz \u00fcber die Linie dr\u00fccken. Pech &nbsp;hatte unsere Elf dann bei einem Freisto\u00df von Gianfranco Scopelliti der leider nur genau an das Lattenkreuz knallte. Kurz danach verlor man im Spielaufbau in der eigenen H\u00e4lfte den Ball, ein Ilvesheimer St\u00fcrmer nahm die anschlie\u00dfende Flanke direkt und hier prallte der Ball vom Innenpfosten zur F\u00fchrung ins Netz. Fast w\u00e4re auch hier der direkte Ausgleich gelungen, doch Oliver Schlick setzte den Ball nach feinem Zuspiel von Tim Glette knapp am langen Eck vorbei. Dies war der Auftakt zu einer guten Schlussphase der ersten Halbzeit unserer Elf. Zun\u00e4chst wurde ein Schuss von Tim Glette noch kurz vor der Linie gekl\u00e4rt. Dann drang Michele Cottitto in den Strafraum und bei dem Versuch den Querpass zu kl\u00e4ren, traf ein Ilvesheimer Abwehrspieler Tm Glette klar am Fuss, so dass es Elfmeter f\u00fcr unser Team gab. Sergio Latorre verwandelte diesen sicher zum Ausgleich. Aber auch in der zweiten Halbzeit waren die Gastgeber zun\u00e4chst wacher und bereits nach wenigen Minuten konnte sich ein St\u00fcrmer gegen mehrere Abwehrspieler durchsetzen und nach seinem Querpass vollstreckte ein Mitspieler aus frei vor Karl Geiser zur erneuten F\u00fchrung. Unsere Elf war danach zwar bis zum Schluss bem\u00fcht den erneuten Ausgleich zu erzielen, aber trotz einer optischen \u00dcberlegenheit ergaben sich nur einige Halbchancen oder man versuchte es mit Fernsch\u00fcssen, eine richtig grosse Chance konnte man sich nicht erarbeiten. Mit der letzten Aktion des Spiels nutzten die Gastgeber dann noch einen Konter um zum 4:2 Endstand zu erh\u00f6hen &nbsp;&nbsp;&nbsp;&nbsp;&nbsp;&nbsp;&nbsp;&nbsp;&nbsp;<\/p>\n\n\n\n<p>Im letzten Vorrundenspiel gegen den starken Aufsteiger Olympia Neulu\u00dfheim muss jetzt fast schon gepunktet werden, um den R\u00fcckstand auf die Nicht-Abstiegspl\u00e4tze nicht weiter anwachsen zu lassen<\/p>\n","protected":false},"excerpt":{"rendered":"<p>Auch bei der Spvgg Ilvesheim konnte die erste Mannschaft den Negativlauf der letzten Wochen nicht stoppen und kassierte mit einem 2:4 (2:2) die f\u00fcnfte Niederlage in Folge In der Anfangsphase bestimmten die Gastgeber die Partie und schon fr\u00fch scheiterte ein St\u00fcrmer freistehend an Karl Geiser im Tor. Etwas \u00fcberraschend gelang dann&nbsp; unserem Team die F\u00fchrung.&hellip;&nbsp;<a href=\"https:\/\/mfc08.de\/?p=9808\" rel=\"bookmark\">Weiterlesen &raquo;<span class=\"screen-reader-text\">Spvgg Ilvesheim &#8211; MFC 08 Lindenhof 4:2 (2:2)<\/span><\/a><\/p>\n","protected":false},"author":5,"featured_media":9664,"comment_status":"closed","ping_status":"closed","sticky":false,"template":"","format":"standard","meta":{"neve_meta_sidebar":"","neve_meta_container":"","neve_meta_enable_content_width":"","neve_meta_content_width":0,"neve_meta_title_alignment":"","neve_meta_author_avatar":"","neve_post_elements_order":"","neve_meta_disable_header":"","neve_meta_disable_footer":"","neve_meta_disable_title":"","_themeisle_gutenberg_block_has_review":false,"footnotes":""},"categories":[3],"tags":[],"class_list":["post-9808","post","type-post","status-publish","format-standard","has-post-thumbnail","hentry","category-1-mannschaft"],"_links":{"self":[{"href":"https:\/\/mfc08.de\/index.php?rest_route=\/wp\/v2\/posts\/9808","targetHints":{"allow":["GET"]}}],"collection":[{"href":"https:\/\/mfc08.de\/index.php?rest_route=\/wp\/v2\/posts"}],"about":[{"href":"https:\/\/mfc08.de\/index.php?rest_route=\/wp\/v2\/types\/post"}],"author":[{"embeddable":true,"href":"https:\/\/mfc08.de\/index.php?rest_route=\/wp\/v2\/users\/5"}],"replies":[{"embeddable":true,"href":"https:\/\/mfc08.de\/index.php?rest_route=%2Fwp%2Fv2%2Fcomments&post=9808"}],"version-history":[{"count":1,"href":"https:\/\/mfc08.de\/index.php?rest_route=\/wp\/v2\/posts\/9808\/revisions"}],"predecessor-version":[{"id":9809,"href":"https:\/\/mfc08.de\/index.php?rest_route=\/wp\/v2\/posts\/9808\/revisions\/9809"}],"wp:featuredmedia":[{"embeddable":true,"href":"https:\/\/mfc08.de\/index.php?rest_route=\/wp\/v2\/media\/9664"}],"wp:attachment":[{"href":"https:\/\/mfc08.de\/index.php?rest_route=%2Fwp%2Fv2%2Fmedia&parent=9808"}],"wp:term":[{"taxonomy":"category","embeddable":true,"href":"https:\/\/mfc08.de\/index.php?rest_route=%2Fwp%2Fv2%2Fcategories&post=9808"},{"taxonomy":"post_tag","embeddable":true,"href":"https:\/\/mfc08.de\/index.php?rest_route=%2Fwp%2Fv2%2Ftags&post=9808"}],"curies":[{"name":"wp","href":"https:\/\/api.w.org\/{rel}","templated":true}]}}