{"id":9819,"date":"2025-11-30T12:47:44","date_gmt":"2025-11-30T12:47:44","guid":{"rendered":"https:\/\/mfc08.de\/?p=9819"},"modified":"2025-11-30T12:47:46","modified_gmt":"2025-11-30T12:47:46","slug":"hinrundenrueckblick-der-damenmannschaft","status":"publish","type":"post","link":"https:\/\/mfc08.de\/?p=9819","title":{"rendered":"Hinrundenr\u00fcckblick der Damenmannschaft"},"content":{"rendered":"\n<p>Jetzt da die R\u00fcckrunde unserer Damenmannschaft abgeschlossen ist, ist es Zeit f\u00fcr eine Zusammenfassung. <\/p>\n\n\n\n<p>Zu beginn der neuen Saison gab es zuerst den Wechsel bzw den Ausbau des Trainerteams. So ein Wechsel bringt immer neuen Wind mit sich und einiges an Ver\u00e4nderung. Neue Positionen wurden den Spielerinnen zugeordnet und ein neuer Mannschaftsrat wurde geformt. <\/p>\n\n\n\n<p>Auch das Team ist durch neue Gesichter gewachsen und hat damit eine neue Dynamik gewonnen. Dies sieht man bisher in unserer Tabelle. Die Saison begann wie gehofft stark und direkt mit drei Punkten. Im weiteren Verlauf der Saison hatten wir Spiele die ungl\u00fccklicher gelaufen sind, aber auch welche an denen wir spielerisch gewachsen sind. Drei der Hinrundenspiele h\u00e4tte man f\u00fcr sich entscheiden k\u00f6nnen oder wenigstens zu einem Unentschieden f\u00fchren k\u00f6nnen. Dennoch ist das Team und die Trainer mehr als zufrieden mit der Entwicklung auf dem Platz und neben dem Platz. Am Ende stehet das Team auf einem stabilen 5ten Tabellenplatz. <\/p>\n\n\n\n<p>Wir hoffen auf eine noch st\u00e4rkere R\u00fcckrunde und vor allem viele Fans an unserer Seitenlinie. Das erste Punktspiel wird am 01.03.2026 gegen den FC Huttenheim sein. <\/p>\n\n\n\n<p><\/p>\n","protected":false},"excerpt":{"rendered":"<p>Jetzt da die R\u00fcckrunde unserer Damenmannschaft abgeschlossen ist, ist es Zeit f\u00fcr eine Zusammenfassung. Zu beginn der neuen Saison gab es zuerst den Wechsel bzw den Ausbau des Trainerteams. So ein Wechsel bringt immer neuen Wind mit sich und einiges an Ver\u00e4nderung. Neue Positionen wurden den Spielerinnen zugeordnet und ein neuer Mannschaftsrat wurde geformt. Auch&hellip;&nbsp;<a href=\"https:\/\/mfc08.de\/?p=9819\" rel=\"bookmark\">Weiterlesen &raquo;<span class=\"screen-reader-text\">Hinrundenr\u00fcckblick der Damenmannschaft<\/span><\/a><\/p>\n","protected":false},"author":12,"featured_media":9694,"comment_status":"closed","ping_status":"closed","sticky":false,"template":"","format":"standard","meta":{"neve_meta_sidebar":"","neve_meta_container":"","neve_meta_enable_content_width":"","neve_meta_content_width":0,"neve_meta_title_alignment":"","neve_meta_author_avatar":"","neve_post_elements_order":"","neve_meta_disable_header":"","neve_meta_disable_footer":"","neve_meta_disable_title":"","_themeisle_gutenberg_block_has_review":false,"footnotes":""},"categories":[8,1],"tags":[],"class_list":["post-9819","post","type-post","status-publish","format-standard","has-post-thumbnail","hentry","category-damen","category-uncategorized"],"_links":{"self":[{"href":"https:\/\/mfc08.de\/index.php?rest_route=\/wp\/v2\/posts\/9819","targetHints":{"allow":["GET"]}}],"collection":[{"href":"https:\/\/mfc08.de\/index.php?rest_route=\/wp\/v2\/posts"}],"about":[{"href":"https:\/\/mfc08.de\/index.php?rest_route=\/wp\/v2\/types\/post"}],"author":[{"embeddable":true,"href":"https:\/\/mfc08.de\/index.php?rest_route=\/wp\/v2\/users\/12"}],"replies":[{"embeddable":true,"href":"https:\/\/mfc08.de\/index.php?rest_route=%2Fwp%2Fv2%2Fcomments&post=9819"}],"version-history":[{"count":1,"href":"https:\/\/mfc08.de\/index.php?rest_route=\/wp\/v2\/posts\/9819\/revisions"}],"predecessor-version":[{"id":9820,"href":"https:\/\/mfc08.de\/index.php?rest_route=\/wp\/v2\/posts\/9819\/revisions\/9820"}],"wp:featuredmedia":[{"embeddable":true,"href":"https:\/\/mfc08.de\/index.php?rest_route=\/wp\/v2\/media\/9694"}],"wp:attachment":[{"href":"https:\/\/mfc08.de\/index.php?rest_route=%2Fwp%2Fv2%2Fmedia&parent=9819"}],"wp:term":[{"taxonomy":"category","embeddable":true,"href":"https:\/\/mfc08.de\/index.php?rest_route=%2Fwp%2Fv2%2Fcategories&post=9819"},{"taxonomy":"post_tag","embeddable":true,"href":"https:\/\/mfc08.de\/index.php?rest_route=%2Fwp%2Fv2%2Ftags&post=9819"}],"curies":[{"name":"wp","href":"https:\/\/api.w.org\/{rel}","templated":true}]}}