{"id":9856,"date":"2025-12-17T18:09:14","date_gmt":"2025-12-17T18:09:14","guid":{"rendered":"https:\/\/mfc08.de\/?p=9856"},"modified":"2025-12-17T18:09:17","modified_gmt":"2025-12-17T18:09:17","slug":"d1-ist-staffelsieger-der-herbstrunde","status":"publish","type":"post","link":"https:\/\/mfc08.de\/?p=9856","title":{"rendered":"D1 ist Staffelsieger der Herbstrunde"},"content":{"rendered":"\n<p>Gl\u00fcckwunsch an unsere D1 &#8211; Jahrgang 2013 \u2013 welche sich in der Herbstrunde den Staffelsieg gesichert hat.<\/p>\n\n\n\n<p>Auch im letzten Spiel gegen den TSV Neckarau blieb man ungeschlagen und sicherte sich so mit einer beeindruckenden Serie von neun ungeschlagenen Spielen in Folge, hiervon sechs Spiele in Serie ohne Gegentor, den verdienten Staffelsieg. Am Ende belegt unser Team souver\u00e4n den 1. Tabellenplatz mit<\/p>\n\n\n\n<p>27 Punkten und 47:3 Toren.<\/p>\n\n\n\n<p>\u00dcber die gesamte Runde \u00fcberzeugte das Team mit einer geschlossenen Mannschaftsleistung, unerm\u00fcdlichen Einsatz und einer gro\u00dfen Leidenschaft.<\/p>\n\n\n\n<p>Dieser Erfolg wurde im Anschluss an den letzten Spieltag zusammen mit allen Angeh\u00f6rigen geb\u00fchrend gefeiert. Auch eine eigens angefertigte Meistertorte durfte hier nat\u00fcrlich nicht fehlen.<\/p>\n\n\n\n<p>Die gesamte Mannschaft sowie auch das Trainerteam sind sehr zufrieden und freuen sich bereits jetzt auf den Start der Fr\u00fchjahrsrunde und hoffen dann auch hier an die gezeigten Leistungen der Herbstrunde nahtlos ankn\u00fcpfen zu k\u00f6nnen.<\/p>\n","protected":false},"excerpt":{"rendered":"<p>Gl\u00fcckwunsch an unsere D1 &#8211; Jahrgang 2013 \u2013 welche sich in der Herbstrunde den Staffelsieg gesichert hat. Auch im letzten Spiel gegen den TSV Neckarau blieb man ungeschlagen und sicherte sich so mit einer beeindruckenden Serie von neun ungeschlagenen Spielen in Folge, hiervon sechs Spiele in Serie ohne Gegentor, den verdienten Staffelsieg. Am Ende belegt&hellip;&nbsp;<a href=\"https:\/\/mfc08.de\/?p=9856\" rel=\"bookmark\">Weiterlesen &raquo;<span class=\"screen-reader-text\">D1 ist Staffelsieger der Herbstrunde<\/span><\/a><\/p>\n","protected":false},"author":12,"featured_media":9857,"comment_status":"closed","ping_status":"closed","sticky":false,"template":"","format":"standard","meta":{"neve_meta_sidebar":"","neve_meta_container":"","neve_meta_enable_content_width":"","neve_meta_content_width":0,"neve_meta_title_alignment":"","neve_meta_author_avatar":"","neve_post_elements_order":"","neve_meta_disable_header":"","neve_meta_disable_footer":"","neve_meta_disable_title":"","_themeisle_gutenberg_block_has_review":false,"footnotes":""},"categories":[11,1],"tags":[],"class_list":["post-9856","post","type-post","status-publish","format-standard","has-post-thumbnail","hentry","category-jugend","category-uncategorized"],"_links":{"self":[{"href":"https:\/\/mfc08.de\/index.php?rest_route=\/wp\/v2\/posts\/9856","targetHints":{"allow":["GET"]}}],"collection":[{"href":"https:\/\/mfc08.de\/index.php?rest_route=\/wp\/v2\/posts"}],"about":[{"href":"https:\/\/mfc08.de\/index.php?rest_route=\/wp\/v2\/types\/post"}],"author":[{"embeddable":true,"href":"https:\/\/mfc08.de\/index.php?rest_route=\/wp\/v2\/users\/12"}],"replies":[{"embeddable":true,"href":"https:\/\/mfc08.de\/index.php?rest_route=%2Fwp%2Fv2%2Fcomments&post=9856"}],"version-history":[{"count":1,"href":"https:\/\/mfc08.de\/index.php?rest_route=\/wp\/v2\/posts\/9856\/revisions"}],"predecessor-version":[{"id":9858,"href":"https:\/\/mfc08.de\/index.php?rest_route=\/wp\/v2\/posts\/9856\/revisions\/9858"}],"wp:featuredmedia":[{"embeddable":true,"href":"https:\/\/mfc08.de\/index.php?rest_route=\/wp\/v2\/media\/9857"}],"wp:attachment":[{"href":"https:\/\/mfc08.de\/index.php?rest_route=%2Fwp%2Fv2%2Fmedia&parent=9856"}],"wp:term":[{"taxonomy":"category","embeddable":true,"href":"https:\/\/mfc08.de\/index.php?rest_route=%2Fwp%2Fv2%2Fcategories&post=9856"},{"taxonomy":"post_tag","embeddable":true,"href":"https:\/\/mfc08.de\/index.php?rest_route=%2Fwp%2Fv2%2Ftags&post=9856"}],"curies":[{"name":"wp","href":"https:\/\/api.w.org\/{rel}","templated":true}]}}