{"id":9940,"date":"2026-03-05T15:52:24","date_gmt":"2026-03-05T15:52:24","guid":{"rendered":"https:\/\/mfc08.de\/?p=9940"},"modified":"2026-03-05T15:52:26","modified_gmt":"2026-03-05T15:52:26","slug":"rueckrundenstart-der-damenmannschaft","status":"publish","type":"post","link":"https:\/\/mfc08.de\/?p=9940","title":{"rendered":"R\u00fcckrundenstart der Damenmannschaft"},"content":{"rendered":"\n<p>Bereits im Februar startete unsere Damenmannschaft in die R\u00fcckrundenvorbereitung. Das Ziel ist ganz klar &#8211; die Tabellenmitte soll bestehen bleiben! Besser noch einen Tabellenplatz aufr\u00fccken!<\/p>\n\n\n\n<p>Die ersten Ergebnisse lie\u00dfen nicht lang auf sich warten. Im ersten Punktspiel der R\u00fcckrunde stand das Ausw\u00e4rtsspiel gegen den FC Huttenheim an. Schon fr\u00fch \u00fcbernahmen die 08er Damen die F\u00fchrung &#8211; durch Nina L fiel das erste Tor nach 8 Minuten. Nun war kein halten mehr! Bis zur Halbzeit erh\u00f6hte Yvette R mit zwei weiteren Toren. So ging es mit einem 0:3 in die Halbzeit. Kaum nach Anpfiff erh\u00f6hte Cecile A. auf 0:4! Unsere Damen konnten in diesem Spiel souver\u00e4n all ihr Training in die Tat umsetzten. Und auch wenn ein 0:4 ein klasse Ergebnis ist wollten es unsere 08er Frauen allen zeigen und verlie\u00dfen den Platz mit einem Respektvollen 0:5 geschossen durch Yvette R, die dadurch ihren ersten Hattrick erzielt!<\/p>\n\n\n\n<p>Der Start in die R\u00fcckrunde war damit mehr als Erfolgreich! Bereits am kommenden Samstag um 17 Uhr treffen unsere Damen auf die SpG Ubstadt-Weiher. Kommt vorbei und lasst euch das Spiel nicht entgehen!<\/p>\n\n\n\n<p><\/p>\n\n\n\n<p><\/p>\n","protected":false},"excerpt":{"rendered":"<p>Bereits im Februar startete unsere Damenmannschaft in die R\u00fcckrundenvorbereitung. Das Ziel ist ganz klar &#8211; die Tabellenmitte soll bestehen bleiben! Besser noch einen Tabellenplatz aufr\u00fccken! Die ersten Ergebnisse lie\u00dfen nicht lang auf sich warten. Im ersten Punktspiel der R\u00fcckrunde stand das Ausw\u00e4rtsspiel gegen den FC Huttenheim an. Schon fr\u00fch \u00fcbernahmen die 08er Damen die F\u00fchrung&hellip;&nbsp;<a href=\"https:\/\/mfc08.de\/?p=9940\" rel=\"bookmark\">Weiterlesen &raquo;<span class=\"screen-reader-text\">R\u00fcckrundenstart der Damenmannschaft<\/span><\/a><\/p>\n","protected":false},"author":12,"featured_media":9941,"comment_status":"closed","ping_status":"closed","sticky":false,"template":"","format":"standard","meta":{"neve_meta_sidebar":"","neve_meta_container":"","neve_meta_enable_content_width":"","neve_meta_content_width":0,"neve_meta_title_alignment":"","neve_meta_author_avatar":"","neve_post_elements_order":"","neve_meta_disable_header":"","neve_meta_disable_footer":"","neve_meta_disable_title":"","_themeisle_gutenberg_block_has_review":false,"footnotes":""},"categories":[8,1],"tags":[],"class_list":["post-9940","post","type-post","status-publish","format-standard","has-post-thumbnail","hentry","category-damen","category-uncategorized"],"_links":{"self":[{"href":"https:\/\/mfc08.de\/index.php?rest_route=\/wp\/v2\/posts\/9940","targetHints":{"allow":["GET"]}}],"collection":[{"href":"https:\/\/mfc08.de\/index.php?rest_route=\/wp\/v2\/posts"}],"about":[{"href":"https:\/\/mfc08.de\/index.php?rest_route=\/wp\/v2\/types\/post"}],"author":[{"embeddable":true,"href":"https:\/\/mfc08.de\/index.php?rest_route=\/wp\/v2\/users\/12"}],"replies":[{"embeddable":true,"href":"https:\/\/mfc08.de\/index.php?rest_route=%2Fwp%2Fv2%2Fcomments&post=9940"}],"version-history":[{"count":1,"href":"https:\/\/mfc08.de\/index.php?rest_route=\/wp\/v2\/posts\/9940\/revisions"}],"predecessor-version":[{"id":9942,"href":"https:\/\/mfc08.de\/index.php?rest_route=\/wp\/v2\/posts\/9940\/revisions\/9942"}],"wp:featuredmedia":[{"embeddable":true,"href":"https:\/\/mfc08.de\/index.php?rest_route=\/wp\/v2\/media\/9941"}],"wp:attachment":[{"href":"https:\/\/mfc08.de\/index.php?rest_route=%2Fwp%2Fv2%2Fmedia&parent=9940"}],"wp:term":[{"taxonomy":"category","embeddable":true,"href":"https:\/\/mfc08.de\/index.php?rest_route=%2Fwp%2Fv2%2Fcategories&post=9940"},{"taxonomy":"post_tag","embeddable":true,"href":"https:\/\/mfc08.de\/index.php?rest_route=%2Fwp%2Fv2%2Ftags&post=9940"}],"curies":[{"name":"wp","href":"https:\/\/api.w.org\/{rel}","templated":true}]}}