{"id":9965,"date":"2026-03-10T10:35:02","date_gmt":"2026-03-10T10:35:02","guid":{"rendered":"https:\/\/mfc08.de\/?p=9965"},"modified":"2026-03-10T10:40:03","modified_gmt":"2026-03-10T10:40:03","slug":"roundnet-klassenerhalt-geschafft","status":"publish","type":"post","link":"https:\/\/mfc08.de\/?p=9965","title":{"rendered":"Roundnet: Klassenerhalt geschafft!"},"content":{"rendered":"\n<p>Die Mosquitos Mannheim haben ihre erste Saison in der 1. Roundnet-Bundesliga erfolgreich abgeschlossen. Nach einer intensiven Spielzeit beendet das Team die Hauptrunde auf Tabellenplatz 13 und sichert sich damit souver\u00e4n den Klassenerhalt in der h\u00f6chsten deutschen Spielklasse.<\/p>\n\n\n\n<p>Mit einer Bilanz von 27 gewonnenen und 48 verlorenen Spielen konnten wir uns im Laufe der Saison stetig steigern und sich am Ende deutlich von den Abstiegspl\u00e4tzen absetzen. Der Vorsprung auf die R\u00e4nge 14 bis 16, die den Gang in die zweite Liga bedeuten w\u00fcrden, ist komfortabel \u2013 gleichzeitig fehlte am Ende sogar nur ein gewonnener Satz, um noch auf Platz 12 vorzur\u00fccken.<\/p>\n\n\n\n<p>Daf\u00fcr, dass niemand von uns vorher Erstliga-Erfahrung hatte, gehen wir mit einem positiven Gef\u00fchl aus der Saison. Wir haben gesehen, dass wir auch mit den besten Teams mithalten und hier und da sogar gewinnen konnten. Viele Spiele waren hart umk\u00e4mpft und entschieden sich erst im dritten Satz, leider noch zu oft f\u00fcr das gegnerische Team. Mit dieser Erfahrung und dem tollen Teamgef\u00fcge im R\u00fccken wollen wir n\u00e4chste Saison auf jeden Fall wieder angreifen! Wir sind in der ersten Liga angekommen und haben Lust, ab September genau dort weiterzumachen.<\/p>\n\n\n\n<p>Vielen Dank an das ganze Team: Larissa Haas, Kris K\u00fchnel, Lena Kurz, Margaux Thieren, Pierre Bechtloff, Paul Winkler, Tim Bauer, Jannik Tiemann, Maximilian Knoll, Oussama Tchita, Constanze Lehner, Nina Ruckerbauer. <\/p>\n\n\n\n<figure class=\"wp-block-image size-large\"><img fetchpriority=\"high\" decoding=\"async\" width=\"1024\" height=\"682\" src=\"https:\/\/mfc08.de\/wp-content\/uploads\/2026\/03\/Screenshot-2026-03-10-at-11.22.12-1024x682.png\" alt=\"\" class=\"wp-image-9967\" srcset=\"https:\/\/mfc08.de\/wp-content\/uploads\/2026\/03\/Screenshot-2026-03-10-at-11.22.12-1024x682.png 1024w, https:\/\/mfc08.de\/wp-content\/uploads\/2026\/03\/Screenshot-2026-03-10-at-11.22.12-300x200.png 300w, https:\/\/mfc08.de\/wp-content\/uploads\/2026\/03\/Screenshot-2026-03-10-at-11.22.12-768x511.png 768w, https:\/\/mfc08.de\/wp-content\/uploads\/2026\/03\/Screenshot-2026-03-10-at-11.22.12-930x620.png 930w, https:\/\/mfc08.de\/wp-content\/uploads\/2026\/03\/Screenshot-2026-03-10-at-11.22.12.png 1295w\" sizes=\"(max-width: 1024px) 100vw, 1024px\" \/><\/figure>\n\n\n\n<p>W\u00e4hrend f\u00fcr Mannheim die Saison damit beendet ist, k\u00e4mpfen die besten Teams der Liga am kommenden Wochenende in Heidelberg um den Titel: Die sechs erstplatzierten Mannschaften treten in der Finalrunde \u201eFINAL SIX\u201c gegeneinander an und spielen dort die Meisterschaft der 1. Roundnet-Bundesliga aus. Zuschauende sind herzlich eingeladen: Im Sportzentrum Nord, beim TSV Handschuhsheim, finden den ganzen Samstag Begegnungen statt, ebenso am Sonntag, wo die Erstliga-Anw\u00e4rter aus der zweiten Bundesliga gegeneinander antreten. (Veranstaltungsort: <a href=\"https:\/\/maps.app.goo.gl\/RRVoNgHNoYf1xoPZ7\">https:\/\/maps.app.goo.gl\/RRVoNgHNoYf1xoPZ7<\/a>)<\/p>\n\n\n\n<figure class=\"wp-block-gallery has-nested-images columns-default is-cropped wp-block-gallery-1 is-layout-flex wp-block-gallery-is-layout-flex\">\n<figure class=\"wp-block-image size-large\"><img decoding=\"async\" width=\"767\" height=\"1024\" data-id=\"9968\" src=\"https:\/\/mfc08.de\/wp-content\/uploads\/2026\/03\/Screenshot-2026-03-10-at-11.32.13-767x1024.png\" alt=\"\" class=\"wp-image-9968\" srcset=\"https:\/\/mfc08.de\/wp-content\/uploads\/2026\/03\/Screenshot-2026-03-10-at-11.32.13-767x1024.png 767w, https:\/\/mfc08.de\/wp-content\/uploads\/2026\/03\/Screenshot-2026-03-10-at-11.32.13-225x300.png 225w, https:\/\/mfc08.de\/wp-content\/uploads\/2026\/03\/Screenshot-2026-03-10-at-11.32.13-768x1025.png 768w, https:\/\/mfc08.de\/wp-content\/uploads\/2026\/03\/Screenshot-2026-03-10-at-11.32.13.png 777w\" sizes=\"(max-width: 767px) 100vw, 767px\" \/><\/figure>\n\n\n\n<figure class=\"wp-block-image size-large\"><img decoding=\"async\" width=\"766\" height=\"1024\" data-id=\"9969\" src=\"https:\/\/mfc08.de\/wp-content\/uploads\/2026\/03\/Screenshot-2026-03-10-at-11.32.20-766x1024.png\" alt=\"\" class=\"wp-image-9969\" srcset=\"https:\/\/mfc08.de\/wp-content\/uploads\/2026\/03\/Screenshot-2026-03-10-at-11.32.20-766x1024.png 766w, https:\/\/mfc08.de\/wp-content\/uploads\/2026\/03\/Screenshot-2026-03-10-at-11.32.20-224x300.png 224w, https:\/\/mfc08.de\/wp-content\/uploads\/2026\/03\/Screenshot-2026-03-10-at-11.32.20-768x1027.png 768w, https:\/\/mfc08.de\/wp-content\/uploads\/2026\/03\/Screenshot-2026-03-10-at-11.32.20.png 777w\" sizes=\"(max-width: 766px) 100vw, 766px\" \/><\/figure>\n\n\n\n<figure class=\"wp-block-image size-large\"><img loading=\"lazy\" decoding=\"async\" width=\"768\" height=\"1024\" data-id=\"9970\" src=\"https:\/\/mfc08.de\/wp-content\/uploads\/2026\/03\/Screenshot-2026-03-10-at-11.32.27-768x1024.png\" alt=\"\" class=\"wp-image-9970\" srcset=\"https:\/\/mfc08.de\/wp-content\/uploads\/2026\/03\/Screenshot-2026-03-10-at-11.32.27-768x1024.png 768w, https:\/\/mfc08.de\/wp-content\/uploads\/2026\/03\/Screenshot-2026-03-10-at-11.32.27-225x300.png 225w, https:\/\/mfc08.de\/wp-content\/uploads\/2026\/03\/Screenshot-2026-03-10-at-11.32.27.png 778w\" sizes=\"(max-width: 768px) 100vw, 768px\" \/><\/figure>\n<\/figure>\n\n\n\n<p><\/p>\n","protected":false},"excerpt":{"rendered":"<p>Die Mosquitos Mannheim haben ihre erste Saison in der 1. Roundnet-Bundesliga erfolgreich abgeschlossen. Nach einer intensiven Spielzeit beendet das Team die Hauptrunde auf Tabellenplatz 13 und sichert sich damit souver\u00e4n den Klassenerhalt in der h\u00f6chsten deutschen Spielklasse. Mit einer Bilanz von 27 gewonnenen und 48 verlorenen Spielen konnten wir uns im Laufe der Saison stetig&hellip;&nbsp;<a href=\"https:\/\/mfc08.de\/?p=9965\" rel=\"bookmark\">Weiterlesen &raquo;<span class=\"screen-reader-text\">Roundnet: Klassenerhalt geschafft!<\/span><\/a><\/p>\n","protected":false},"author":10,"featured_media":9972,"comment_status":"closed","ping_status":"closed","sticky":false,"template":"","format":"standard","meta":{"neve_meta_sidebar":"","neve_meta_container":"","neve_meta_enable_content_width":"","neve_meta_content_width":0,"neve_meta_title_alignment":"","neve_meta_author_avatar":"","neve_post_elements_order":"","neve_meta_disable_header":"","neve_meta_disable_footer":"","neve_meta_disable_title":"","_themeisle_gutenberg_block_has_review":false,"footnotes":""},"categories":[17],"tags":[],"class_list":["post-9965","post","type-post","status-publish","format-standard","has-post-thumbnail","hentry","category-roundnet"],"_links":{"self":[{"href":"https:\/\/mfc08.de\/index.php?rest_route=\/wp\/v2\/posts\/9965","targetHints":{"allow":["GET"]}}],"collection":[{"href":"https:\/\/mfc08.de\/index.php?rest_route=\/wp\/v2\/posts"}],"about":[{"href":"https:\/\/mfc08.de\/index.php?rest_route=\/wp\/v2\/types\/post"}],"author":[{"embeddable":true,"href":"https:\/\/mfc08.de\/index.php?rest_route=\/wp\/v2\/users\/10"}],"replies":[{"embeddable":true,"href":"https:\/\/mfc08.de\/index.php?rest_route=%2Fwp%2Fv2%2Fcomments&post=9965"}],"version-history":[{"count":1,"href":"https:\/\/mfc08.de\/index.php?rest_route=\/wp\/v2\/posts\/9965\/revisions"}],"predecessor-version":[{"id":9971,"href":"https:\/\/mfc08.de\/index.php?rest_route=\/wp\/v2\/posts\/9965\/revisions\/9971"}],"wp:featuredmedia":[{"embeddable":true,"href":"https:\/\/mfc08.de\/index.php?rest_route=\/wp\/v2\/media\/9972"}],"wp:attachment":[{"href":"https:\/\/mfc08.de\/index.php?rest_route=%2Fwp%2Fv2%2Fmedia&parent=9965"}],"wp:term":[{"taxonomy":"category","embeddable":true,"href":"https:\/\/mfc08.de\/index.php?rest_route=%2Fwp%2Fv2%2Fcategories&post=9965"},{"taxonomy":"post_tag","embeddable":true,"href":"https:\/\/mfc08.de\/index.php?rest_route=%2Fwp%2Fv2%2Ftags&post=9965"}],"curies":[{"name":"wp","href":"https:\/\/api.w.org\/{rel}","templated":true}]}}